{"id":288714,"date":"2023-11-12T03:28:56","date_gmt":"2023-11-12T09:28:56","guid":{"rendered":"https:\/\/plazajuarez.mx\/?p=288714"},"modified":"2023-11-12T03:28:59","modified_gmt":"2023-11-12T09:28:59","slug":"ine-hidalgo-entrega-estimulos-recompensas-incentivos-y-cambio-de-grado-administrativo-al-personal-de-las-juntas-local-y-distritales","status":"publish","type":"post","link":"https:\/\/plazajuarez.mx\/historico\/ine-hidalgo-entrega-estimulos-recompensas-incentivos-y-cambio-de-grado-administrativo-al-personal-de-las-juntas-local-y-distritales\/","title":{"rendered":"INE Hidalgo Entrega Est\u00edmulos, Recompensas, Incentivos y Cambio de grado administrativo al Personal de las Juntas Local y Distritales"},"content":{"rendered":"\n<p>La Junta Local Ejecutiva del Instituto Nacional Electoral (INE) en Hidalgo, hizo entrega de est\u00edmulos, recompensas, incentivos y cambios de grado a personal perteneciente a la rama administrativa en la entidad.<\/p>\n\n\n\n<p>El Comit\u00e9 de Evaluaci\u00f3n correspondiente a esta Junta Local Ejecutiva en Hidalgo, defini\u00f3 al personal acreedor de los est\u00edmulos, recompensas, incentivos y cambios de grado administrativos derivados con base en los resultados de la aplicaci\u00f3n de la evaluaci\u00f3n del desempe\u00f1o del ejercicio 2022.<\/p>\n\n\n\n<p>La Vocal Ejecutiva Licda. Ma del Refugio Garc\u00eda L\u00f3pez, en su mensaje reconoci\u00f3 y agradeci\u00f3 el compromiso que tienen todos los d\u00edas e invit\u00f3 a seguir con pasi\u00f3n y gusto de su labor ante el reto del Proceso Electoral 2023-2024.<\/p>\n\n\n\n<p>El Vocal de Capacitaci\u00f3n Electoral y Educaci\u00f3n C\u00edvica, Lic. Jorge Anaya Lechuga, subray\u00f3 que con emoci\u00f3n y compromiso asumiremos el reto de rendir las mejores cuentas ante la sociedad y expres\u00f3 al personal galardonado, sentirse orgulloso de trabajar en la mejor instituci\u00f3n del estado mexicano: el Instituto Nacional Electoral.<\/p>\n\n\n\n<p>Al evento asistieron la Vocal de Organizaci\u00f3n Electoral Lic. Claudia Santos Ord\u00f3\u00f1ez; el encargado de despacho de la Vocal\u00eda del Registro Federal de Electores Lic. Uriel de Jes\u00fas L\u00f3pez Castillo, junto con la Coordinadora Administrativa Lic. Lorena Silva Hern\u00e1ndez; Lic. Jos\u00e9 Luis P\u00e9rez L\u00f3pez, jefe de Departamento de Recursos Humanos y personal de la Junta Local y de las siete Juntas Distritales Ejecutivas en Hidalgo.<\/p>\n","protected":false},"excerpt":{"rendered":"<p>La Junta Local Ejecutiva del Instituto Nacional Electoral (INE) en Hidalgo, hizo entrega de est\u00edmulos, recompensas, incentivos y cambios de grado a personal perteneciente a la rama administrativa en la entidad. El Comit\u00e9 de Evaluaci\u00f3n correspondiente a esta Junta Local Ejecutiva en Hidalgo, defini\u00f3 al personal acreedor de los est\u00edmulos, recompensas, incentivos y cambios de [&hellip;]<\/p>\n","protected":false},"author":93,"featured_media":288715,"comment_status":"closed","ping_status":"closed","sticky":false,"template":"","format":"standard","meta":{"footnotes":""},"categories":[15,59],"tags":[],"class_list":["post-288714","post","type-post","status-publish","format-standard","has-post-thumbnail","hentry","category-destacadas","category-general"],"_links":{"self":[{"href":"https:\/\/plazajuarez.mx\/historico\/wp-json\/wp\/v2\/posts\/288714","targetHints":{"allow":["GET"]}}],"collection":[{"href":"https:\/\/plazajuarez.mx\/historico\/wp-json\/wp\/v2\/posts"}],"about":[{"href":"https:\/\/plazajuarez.mx\/historico\/wp-json\/wp\/v2\/types\/post"}],"author":[{"embeddable":true,"href":"https:\/\/plazajuarez.mx\/historico\/wp-json\/wp\/v2\/users\/93"}],"replies":[{"embeddable":true,"href":"https:\/\/plazajuarez.mx\/historico\/wp-json\/wp\/v2\/comments?post=288714"}],"version-history":[{"count":0,"href":"https:\/\/plazajuarez.mx\/historico\/wp-json\/wp\/v2\/posts\/288714\/revisions"}],"wp:featuredmedia":[{"embeddable":true,"href":"https:\/\/plazajuarez.mx\/historico\/wp-json\/wp\/v2\/media\/288715"}],"wp:attachment":[{"href":"https:\/\/plazajuarez.mx\/historico\/wp-json\/wp\/v2\/media?parent=288714"}],"wp:term":[{"taxonomy":"category","embeddable":true,"href":"https:\/\/plazajuarez.mx\/historico\/wp-json\/wp\/v2\/categories?post=288714"},{"taxonomy":"post_tag","embeddable":true,"href":"https:\/\/plazajuarez.mx\/historico\/wp-json\/wp\/v2\/tags?post=288714"}],"curies":[{"name":"wp","href":"https:\/\/api.w.org\/{rel}","templated":true}]}}