{"id":2886,"date":"2015-03-27T06:00:00","date_gmt":"2015-03-27T06:00:00","guid":{"rendered":"http:\/\/plazajuarez.mx\/index\/index.php\/2015\/03\/27\/aristegui\/"},"modified":"2015-03-27T06:00:00","modified_gmt":"2015-03-27T06:00:00","slug":"aristegui","status":"publish","type":"post","link":"https:\/\/plazajuarez.mx\/historico\/aristegui\/","title":{"rendered":"Aristegui  \u00a0"},"content":{"rendered":"<p><strong>AN\u00c1LISIS<\/strong><\/p>\n<p>La expulsi\u00f3n de Carmen Aristegui de MVS Radio, dictada por la empresa, ha tenido un enorme impacto negativo a nivel nacional e internacional. Los principales peri\u00f3dicos del mundo publicaron notas responsabilizando a Pe\u00f1a Nieto. En M\u00e9xico, cientos de miles de reclamos y exigencias de respeto al contrato de la periodista inundaron las redes en #CarmenSeQueda; #EnDefensaDeAristegui y Change.org. Indignaci\u00f3n instant\u00e1nea de un auditorio ofendido de millones en toda la Rep\u00fablica.<\/p>\n<p>  <!--more-->  <\/p>\n<p>\u00a0<\/p>\n<p>Los medios nacionales exhibieron obvia hipocres\u00eda. La salida de Carmen es un indiscutible golpe oficial a la libertad de expresi\u00f3n, es Aristegui el m\u00e1s claro ejemplo de esta libertad.\u00a0<\/p>\n<p>Se trata del escalamiento de la dictadura medi\u00e1tica impuesta por Pe\u00f1a Nieto desde el primer d\u00eda. Televisoras, cadenas de radio, peri\u00f3dicos evitan toda opini\u00f3n contraria al poder, desinforman aun ante acciones p\u00fablicas claramente confrontadas con la mayor\u00eda de la opini\u00f3n nacional. En este panorama, Aristegui rompi\u00f3 la barrera del silencio impuesto, c\u00f3mplice, mendaz y se constituy\u00f3 por eso en la voz por excelencia de la libertad de expresi\u00f3n.\u00a0<\/p>\n<p>Imposible aceptar la calificaci\u00f3n de Gobernaci\u00f3n de ser un \u201cproblema entre particulares\u201d, fue una evidente exigencia de Pe\u00f1a Nieto, acorde a su pol\u00edtica de silenciamiento y manipulaci\u00f3n. As\u00ed lo califica el relator de la Libertad de Expresi\u00f3n de la Comisi\u00f3n Interamericana de Derechos Humanos; el despido fue forma \u201csutil\u201d de acallar una voz cr\u00edtica. MVS lo niega, y afirma: \u201cObedece \u00fanica y exclusivamente a que la periodista fij\u00f3 como posici\u00f3n inamovible, la reinstalaci\u00f3n de dos reporteros separados de su cargo, la empresa no acepta ultim\u00e1tums\u201d.<\/p>\n<p>En realidad la empresa mont\u00f3 una celada: se inicia con tres desplegados sorpresivos rechazando una alianza de Aristegui, sin autorizaci\u00f3n, con la plataforma llamada M\u00e9xicoLeaks, siguiendo con el despido de dos de sus colaboradores por \u201cp\u00e9rdida de confianza\u201d, clara provocaci\u00f3n, dado que la responsable era directamente ella.<\/p>\n<p>Por eso Aristegui, al llamar al di\u00e1logo, exige la reinstalaci\u00f3n, lo que la empresa califica de ultim\u00e1tum y procede a su expulsi\u00f3n. MVS, a manera de tribunal sumario, responde a comentarios de Aristegui, negando haber transgredido la libertad de expresi\u00f3n, y que el tema de la Casa Blanca fue comentado durante semanas por Aristegui sin censura, procediendo a buscar innoblemente desacreditar a la periodista por su supuesta ausencia de autocr\u00edtica e incapacidad de reconocer equivocaciones. Y de pasadita afirman, como deslinde ineficaz, que no dependen de la publicidad gubernamental, s\u00f3lo en un 6%, aunque dependan sus concesiones y ampliaciones deseadas, del poder presidencial, como lo se\u00f1al\u00f3 \u201cThe Economist\u201d.\u00a0<\/p>\n<p>MVS es concesionaria de un servicio p\u00fablico, con obligaci\u00f3n constitucional de informaci\u00f3n con su auditorio y con sus conductores en los t\u00e9rminos de sus contratos; no puede legalmente cancelar los derechos del auditorio, ni contratos celebrados.<\/p>\n<p>Tiene obligaci\u00f3n de explicar a su auditorio el silenciamiento, explicaci\u00f3n que no puede ir m\u00e1s all\u00e1 de su coartada; tendr\u00eda que reconocer que obedece exigencias del gobierno. Se mantiene aferrada a argumentos inveros\u00edmiles. Frente a la enorme credibilidad de Aristegui, la credibilidad de la empresa y del gobierno son nulas.\u00a0<\/p>\n<p>El tema no se limita a la Casa Blanca, Tlatlaya, Ayotzinapa, la reforma energ\u00e9tica o nombramientos aberrantes, el objetivo es eliminar a la periodista m\u00e1s reconocida, no s\u00f3lo por los temas, sino por el talento y la capacidad con la que despliega sus investigaciones, su habilidad para desentra\u00f1ar problemas, interrogar, ir al fondo; hab\u00eda que sacar del aire a quien sacude con sus verdades.<\/p>\n<p>MVS hace la labor sucia de Pe\u00f1a de liquidar a esta personalidad que irrita y exhibe corrupciones del poder, ocultando el prop\u00f3sito. Sabiendo Pe\u00f1a el costo de liquidar a Carmen, lo hace, encaminado a las elecciones. En su indetenible p\u00e9rdida de autoridad, el gobierno no podr\u00e1 silenciar a M\u00e9xico.\u00a0<\/p>\n<p><strong>(Agencia EL UNIVERSAL)<\/strong><\/p>\n","protected":false},"excerpt":{"rendered":"<p>AN\u00c1LISIS La expulsi\u00f3n de Carmen Aristegui de MVS Radio, dictada por la empresa, ha tenido un enorme impacto negativo a nivel nacional e internacional. Los principales peri\u00f3dicos del mundo publicaron notas responsabilizando a Pe\u00f1a Nieto. En M\u00e9xico, cientos de miles de reclamos y exigencias de respeto al contrato de la periodista inundaron las redes en [&hellip;]<\/p>\n","protected":false},"author":93,"featured_media":0,"comment_status":"open","ping_status":"open","sticky":false,"template":"","format":"standard","meta":{"footnotes":""},"categories":[42],"tags":[],"class_list":["post-2886","post","type-post","status-publish","format-standard","hentry","category-nuestrapalabra"],"_links":{"self":[{"href":"https:\/\/plazajuarez.mx\/historico\/wp-json\/wp\/v2\/posts\/2886","targetHints":{"allow":["GET"]}}],"collection":[{"href":"https:\/\/plazajuarez.mx\/historico\/wp-json\/wp\/v2\/posts"}],"about":[{"href":"https:\/\/plazajuarez.mx\/historico\/wp-json\/wp\/v2\/types\/post"}],"author":[{"embeddable":true,"href":"https:\/\/plazajuarez.mx\/historico\/wp-json\/wp\/v2\/users\/93"}],"replies":[{"embeddable":true,"href":"https:\/\/plazajuarez.mx\/historico\/wp-json\/wp\/v2\/comments?post=2886"}],"version-history":[{"count":0,"href":"https:\/\/plazajuarez.mx\/historico\/wp-json\/wp\/v2\/posts\/2886\/revisions"}],"wp:attachment":[{"href":"https:\/\/plazajuarez.mx\/historico\/wp-json\/wp\/v2\/media?parent=2886"}],"wp:term":[{"taxonomy":"category","embeddable":true,"href":"https:\/\/plazajuarez.mx\/historico\/wp-json\/wp\/v2\/categories?post=2886"},{"taxonomy":"post_tag","embeddable":true,"href":"https:\/\/plazajuarez.mx\/historico\/wp-json\/wp\/v2\/tags?post=2886"}],"curies":[{"name":"wp","href":"https:\/\/api.w.org\/{rel}","templated":true}]}}