{"id":288483,"date":"2023-11-09T14:41:06","date_gmt":"2023-11-09T20:41:06","guid":{"rendered":"https:\/\/plazajuarez.mx\/?p=288483"},"modified":"2023-11-09T14:41:09","modified_gmt":"2023-11-09T20:41:09","slug":"amlo-explico-que-propuso-a-omar-fayad-por-lo-demostrado-en-tlahuelilpan","status":"publish","type":"post","link":"https:\/\/plazajuarez.mx\/historico\/amlo-explico-que-propuso-a-omar-fayad-por-lo-demostrado-en-tlahuelilpan\/","title":{"rendered":"AMLO explic\u00f3 que propuso a Omar Fayad por lo demostrado en Tlahuelilpan"},"content":{"rendered":"\n<p>Luego de que se diera a conocer que el presidente de la rep\u00fablica Andr\u00e9s Manuel L\u00f3pez Obrador (AMLO) propuso al exgobernador de Hidalgo, Omar Fayad Meneses como embajador de M\u00e9xico en Noruega, ayer durante la conferencia de prensa conocida como \u201cla ma\u00f1anera\u201d, el presidente de la rep\u00fablica fue cuestionado al respecto y se limit\u00f3 a decir que es un compromiso que ten\u00eda con el ex priista.<\/p>\n\n\n\n<p>\u201cTengo con Omar, un compromiso\u201d, dijo el presidente y reconoci\u00f3 que el exmandatario tiene un sentido humano, ya que asegur\u00f3 que uno de los momentos m\u00e1s dif\u00edciles de su administraci\u00f3n fue en el incidente de Tlahuelilpan, cuando por el robo de combustible se gener\u00f3 una explosi\u00f3n que dej\u00f3 decenas de muertos, y enfatiz\u00f3 que el entonces gobernador de Hidalgo estuvo ah\u00ed, atento y no se despeg\u00f3 en ning\u00fan momento. Por lo que enfatiz\u00f3 que lo que importa es el sentido humano.<\/p>\n\n\n\n<p>Por su parte, Fayad Meneses, refiri\u00f3: \u201ces un gran honor para cualquier mexicano, servir a su pa\u00eds y representarlo en cualquier naci\u00f3n\u201d y agreg\u00f3 que estar\u00e1 atento a la decisi\u00f3n que se tome en el senado de la rep\u00fablica, y enfatiz\u00f3 que estar\u00e1 atento para cumplir con la encomienda del presidente, en tanto eval\u00faa la propuesta que le ha hecho el Partido Verde Ecologista de M\u00e9xico (PVEM) para que sea su carta rumbo al senado en las elecciones de 2024.<\/p>\n","protected":false},"excerpt":{"rendered":"<p>Luego de que se diera a conocer que el presidente de la rep\u00fablica Andr\u00e9s Manuel L\u00f3pez Obrador (AMLO) propuso al exgobernador de Hidalgo, Omar Fayad Meneses como embajador de M\u00e9xico en Noruega, ayer durante la conferencia de prensa conocida como \u201cla ma\u00f1anera\u201d, el presidente de la rep\u00fablica fue cuestionado al respecto y se limit\u00f3 a [&hellip;]<\/p>\n","protected":false},"author":72,"featured_media":288484,"comment_status":"closed","ping_status":"closed","sticky":false,"template":"","format":"standard","meta":{"footnotes":""},"categories":[15,59],"tags":[],"class_list":["post-288483","post","type-post","status-publish","format-standard","has-post-thumbnail","hentry","category-destacadas","category-general"],"_links":{"self":[{"href":"https:\/\/plazajuarez.mx\/historico\/wp-json\/wp\/v2\/posts\/288483","targetHints":{"allow":["GET"]}}],"collection":[{"href":"https:\/\/plazajuarez.mx\/historico\/wp-json\/wp\/v2\/posts"}],"about":[{"href":"https:\/\/plazajuarez.mx\/historico\/wp-json\/wp\/v2\/types\/post"}],"author":[{"embeddable":true,"href":"https:\/\/plazajuarez.mx\/historico\/wp-json\/wp\/v2\/users\/72"}],"replies":[{"embeddable":true,"href":"https:\/\/plazajuarez.mx\/historico\/wp-json\/wp\/v2\/comments?post=288483"}],"version-history":[{"count":0,"href":"https:\/\/plazajuarez.mx\/historico\/wp-json\/wp\/v2\/posts\/288483\/revisions"}],"wp:featuredmedia":[{"embeddable":true,"href":"https:\/\/plazajuarez.mx\/historico\/wp-json\/wp\/v2\/media\/288484"}],"wp:attachment":[{"href":"https:\/\/plazajuarez.mx\/historico\/wp-json\/wp\/v2\/media?parent=288483"}],"wp:term":[{"taxonomy":"category","embeddable":true,"href":"https:\/\/plazajuarez.mx\/historico\/wp-json\/wp\/v2\/categories?post=288483"},{"taxonomy":"post_tag","embeddable":true,"href":"https:\/\/plazajuarez.mx\/historico\/wp-json\/wp\/v2\/tags?post=288483"}],"curies":[{"name":"wp","href":"https:\/\/api.w.org\/{rel}","templated":true}]}}