{"id":288462,"date":"2023-11-09T08:31:42","date_gmt":"2023-11-09T14:31:42","guid":{"rendered":"https:\/\/plazajuarez.mx\/?p=288462"},"modified":"2023-11-09T08:31:44","modified_gmt":"2023-11-09T14:31:44","slug":"congreso-internacional-multidisciplinario-quinta-edicion","status":"publish","type":"post","link":"https:\/\/plazajuarez.mx\/historico\/congreso-internacional-multidisciplinario-quinta-edicion\/","title":{"rendered":"\u201cCongreso Internacional Multidisciplinario\u201d, quinta edici\u00f3n"},"content":{"rendered":"\n<p class=\"wp-block-paragraph\"><strong>APAN<\/strong>.- En el marco de los festejos del 23 aniversario, el Instituto Tecnol\u00f3gico Superior del Oriente del Estado de Hidalgo (ITESA) realiz\u00f3 el \u201cMulti-Disciplinary International Congress:\u00a0 Industry 4.0 a Challenge in the Digital Transformation of the Supply Chain to Wards Intelligent Organizations\u201d, en el cual participaron m\u00e1s de 8 mil asistentes en modalidad h\u00edbrida.<\/p>\n\n\n\n<p class=\"wp-block-paragraph\">Justo Juan Manuel Mart\u00ednez Licona, director de la instituci\u00f3n, mencion\u00f3 la participaci\u00f3n de conferencistas de Costa Rica, Per\u00fa, Colombia, Espa\u00f1a, Chile, El Salvador y M\u00e9xico; as\u00ed como 39 conferencias nacionales, adem\u00e1s de 24 talleres interactivos.<\/p>\n\n\n\n<p class=\"wp-block-paragraph\">Dijo que durante estos d\u00edas, tambi\u00e9n se presentaron 18 ponencias, entre las que se destacaron: para el \u00e1rea de Ingenier\u00edas, \u201cProducci\u00f3n de biomasa de Lactobacillusrhamnosus\/Lactobacilius casei, mediante fermentaci\u00f3n del jugo de tuna\u201d, realizado por Maritza L\u00f3pez, Julio Garc\u00eda y Luc\u00eda Fuentes, del ITESA.<\/p>\n\n\n\n<p class=\"wp-block-paragraph\">Mientras que por el \u00e1rea de sociales, se destac\u00f3 el proyecto \u201cRelaci\u00f3n de la responsabilidad social empresarial en la percepci\u00f3n de la marca y la lealtad del consumidor de una panader\u00eda de la ciudad de Valledupar\u201d, elaborado por Ana Villadiego y Brenda Ruiz de la Fundaci\u00f3n Universitaria del \u00c1rea Andina, en combinaci\u00f3n con el ITESA.<\/p>\n\n\n\n<p class=\"wp-block-paragraph\">En el concurso de carteles, se cont\u00f3 con la participaci\u00f3n de 34 proyectos, entre los que&nbsp; destacaron: por el \u00e1rea de ingenier\u00edas \u201cValorizaci\u00f3n de residuos de Pitahaya para el desarrollo de un alimento con alto valor nutrimental\u201d, elaborado por Luis Ignacio Hern\u00e1ndez, Mar\u00eda Isabel Reyes, Francisco Monter y Wendy Ram\u00edrez, del Instituto Tecnol\u00f3gico de Carrillo Puerto, en colaboraci\u00f3n con el ITESA.<\/p>\n\n\n\n<p class=\"wp-block-paragraph\">Y en el \u00e1rea de ciencias sociales, \u201cRelaci\u00f3n entre el desempe\u00f1o docente y el rendimiento acad\u00e9mico en los estudiantes de Ingenier\u00eda en Gesti\u00f3n Empresarial\u201d, elaborado por Carmen Contreras y Joana Islas, del ITESA.<\/p>\n","protected":false},"excerpt":{"rendered":"<p>APAN.- En el marco de los festejos del 23 aniversario, el Instituto Tecnol\u00f3gico Superior del Oriente del Estado de Hidalgo (ITESA) realiz\u00f3 el \u201cMulti-Disciplinary International Congress:\u00a0 Industry 4.0 a Challenge in the Digital Transformation of the Supply Chain to Wards Intelligent Organizations\u201d, en el cual participaron m\u00e1s de 8 mil asistentes en modalidad h\u00edbrida. Justo [&hellip;]<\/p>\n","protected":false},"author":69,"featured_media":288469,"comment_status":"closed","ping_status":"closed","sticky":false,"template":"","format":"standard","meta":{"footnotes":""},"categories":[2159,40],"tags":[],"class_list":["post-288462","post","type-post","status-publish","format-standard","has-post-thumbnail","hentry","category-noticias-de-hidalgo","category-region"],"_links":{"self":[{"href":"https:\/\/plazajuarez.mx\/historico\/wp-json\/wp\/v2\/posts\/288462","targetHints":{"allow":["GET"]}}],"collection":[{"href":"https:\/\/plazajuarez.mx\/historico\/wp-json\/wp\/v2\/posts"}],"about":[{"href":"https:\/\/plazajuarez.mx\/historico\/wp-json\/wp\/v2\/types\/post"}],"author":[{"embeddable":true,"href":"https:\/\/plazajuarez.mx\/historico\/wp-json\/wp\/v2\/users\/69"}],"replies":[{"embeddable":true,"href":"https:\/\/plazajuarez.mx\/historico\/wp-json\/wp\/v2\/comments?post=288462"}],"version-history":[{"count":0,"href":"https:\/\/plazajuarez.mx\/historico\/wp-json\/wp\/v2\/posts\/288462\/revisions"}],"wp:featuredmedia":[{"embeddable":true,"href":"https:\/\/plazajuarez.mx\/historico\/wp-json\/wp\/v2\/media\/288469"}],"wp:attachment":[{"href":"https:\/\/plazajuarez.mx\/historico\/wp-json\/wp\/v2\/media?parent=288462"}],"wp:term":[{"taxonomy":"category","embeddable":true,"href":"https:\/\/plazajuarez.mx\/historico\/wp-json\/wp\/v2\/categories?post=288462"},{"taxonomy":"post_tag","embeddable":true,"href":"https:\/\/plazajuarez.mx\/historico\/wp-json\/wp\/v2\/tags?post=288462"}],"curies":[{"name":"wp","href":"https:\/\/api.w.org\/{rel}","templated":true}]}}