{"id":288451,"date":"2023-11-09T08:29:16","date_gmt":"2023-11-09T14:29:16","guid":{"rendered":"https:\/\/plazajuarez.mx\/?p=288451"},"modified":"2023-11-09T08:29:24","modified_gmt":"2023-11-09T14:29:24","slug":"promueve-instancia-de-las-mujeres-segunda-carrera-conmemorativa","status":"publish","type":"post","link":"https:\/\/plazajuarez.mx\/historico\/promueve-instancia-de-las-mujeres-segunda-carrera-conmemorativa\/","title":{"rendered":"Promueve Instancia de las Mujeres segunda carrera conmemorativa"},"content":{"rendered":"\n<p class=\"wp-block-paragraph\"><strong>TULANCINGO<\/strong>.- Uno de los principales beneficios que dej\u00f3 la primera carrera conmemorativa al D\u00eda Internacional de la Eliminaci\u00f3n de la Violencia hacia la Mujer, en el 2022, fue que las tulancinguenses supieron que existe una instancia en Tulancingo que las apoya y asesora en temas donde suelen ser v\u00edctimas de violencia verbal o f\u00edsica.<\/p>\n\n\n\n<p class=\"wp-block-paragraph\">As\u00ed lo declar\u00f3 la maestra Carolina M\u00e1rquez, directora de la Instancia Municipal de las Mujeres en Tulancingo,se\u00f1al\u00f3 que ahora se ampli\u00f3 el cupo de 200 a 300 corredores.<\/p>\n\n\n\n<p class=\"wp-block-paragraph\">Refiri\u00f3 que es una carrera recreativa de cinco kil\u00f3metros, en una categor\u00eda \u00fanica, ramas varonil y femenil.&nbsp;<\/p>\n\n\n\n<p class=\"wp-block-paragraph\">El primer lugar, tanto en la rama femenil como varonil, ser\u00e1 acreedor a dos mil pesos, el segundo, mil y el tercer lugar 500.&nbsp;<\/p>\n\n\n\n<p class=\"wp-block-paragraph\">Record\u00f3 que el a\u00f1o pasado, la carrera les ayud\u00f3 mucho \u201cporque nos hicimos visibles como una oficina de servicios hacia la mujer, muchas se acercaron a preguntarnos sobre estos servicios, los cuales son de atenci\u00f3n psicol\u00f3gica y jur\u00eddica, totalmente gratuitos\u201d.<\/p>\n\n\n\n<p class=\"wp-block-paragraph\">El costo de inscripci\u00f3n es de 200 pesos y se pueden inscribir en el Centro Cultural Ricardo Garibay de 9:00 a 16:00 horas, de lunes a viernes, y los s\u00e1bados de 10:00 a 12:00 horas; tambi\u00e9n hay un punto de venta en el Sendero Intermunicipal, de 7:30 a 9:30 de la ma\u00f1ana.<\/p>\n","protected":false},"excerpt":{"rendered":"<p>TULANCINGO.- Uno de los principales beneficios que dej\u00f3 la primera carrera conmemorativa al D\u00eda Internacional de la Eliminaci\u00f3n de la Violencia hacia la Mujer, en el 2022, fue que las tulancinguenses supieron que existe una instancia en Tulancingo que las apoya y asesora en temas donde suelen ser v\u00edctimas de violencia verbal o f\u00edsica. As\u00ed [&hellip;]<\/p>\n","protected":false},"author":70,"featured_media":288459,"comment_status":"closed","ping_status":"closed","sticky":false,"template":"","format":"standard","meta":{"footnotes":""},"categories":[2159,40],"tags":[],"class_list":["post-288451","post","type-post","status-publish","format-standard","has-post-thumbnail","hentry","category-noticias-de-hidalgo","category-region"],"_links":{"self":[{"href":"https:\/\/plazajuarez.mx\/historico\/wp-json\/wp\/v2\/posts\/288451","targetHints":{"allow":["GET"]}}],"collection":[{"href":"https:\/\/plazajuarez.mx\/historico\/wp-json\/wp\/v2\/posts"}],"about":[{"href":"https:\/\/plazajuarez.mx\/historico\/wp-json\/wp\/v2\/types\/post"}],"author":[{"embeddable":true,"href":"https:\/\/plazajuarez.mx\/historico\/wp-json\/wp\/v2\/users\/70"}],"replies":[{"embeddable":true,"href":"https:\/\/plazajuarez.mx\/historico\/wp-json\/wp\/v2\/comments?post=288451"}],"version-history":[{"count":0,"href":"https:\/\/plazajuarez.mx\/historico\/wp-json\/wp\/v2\/posts\/288451\/revisions"}],"wp:featuredmedia":[{"embeddable":true,"href":"https:\/\/plazajuarez.mx\/historico\/wp-json\/wp\/v2\/media\/288459"}],"wp:attachment":[{"href":"https:\/\/plazajuarez.mx\/historico\/wp-json\/wp\/v2\/media?parent=288451"}],"wp:term":[{"taxonomy":"category","embeddable":true,"href":"https:\/\/plazajuarez.mx\/historico\/wp-json\/wp\/v2\/categories?post=288451"},{"taxonomy":"post_tag","embeddable":true,"href":"https:\/\/plazajuarez.mx\/historico\/wp-json\/wp\/v2\/tags?post=288451"}],"curies":[{"name":"wp","href":"https:\/\/api.w.org\/{rel}","templated":true}]}}