{"id":288450,"date":"2023-11-09T08:28:48","date_gmt":"2023-11-09T14:28:48","guid":{"rendered":"https:\/\/plazajuarez.mx\/?p=288450"},"modified":"2023-11-09T08:28:50","modified_gmt":"2023-11-09T14:28:50","slug":"demoleran-plaza-de-toros-construiran-oficinas-de-seguridad-publica","status":"publish","type":"post","link":"https:\/\/plazajuarez.mx\/historico\/demoleran-plaza-de-toros-construiran-oficinas-de-seguridad-publica\/","title":{"rendered":"Demoler\u00e1n plaza de toros, construir\u00e1n oficinas de seguridad p\u00fablica\u00a0"},"content":{"rendered":"\n<p><strong>IXMIQUILPAN<\/strong>.- La presidenta municipal de Ixmiquilpan, Araceli Beltr\u00e1n Contreras, confirm\u00f3 la compra del predio donde se ubica la plaza de toros, en el cual se pretende construir las instalaciones de la secretar\u00eda de seguridad p\u00fablica.\u00a0<\/p>\n\n\n\n<p>El objetivo principal, dijo, tiene que ver con la descentralizaci\u00f3n de los servicios municipales, comenzando por el de la seguridad p\u00fablica, que a la fecha contin\u00faa operando dentro de las instalaciones de la alcald\u00eda.&nbsp;<\/p>\n\n\n\n<p>De acuerdo a la presidenta municipal, adquirir este predio ha sido un acierto, porque adem\u00e1s de aumentar el patrimonio del municipio con la adquisici\u00f3n de terrenos, tambi\u00e9n se busca que con ello, se pueda contar con un \u00e1rea de seguridad acorde a las necesidades.&nbsp;<\/p>\n\n\n\n<p>Asimismo, sostuvo, que se trata de un predio ubicado en la zona urbana, el cual cuenta con un espacio estrat\u00e9gico. Se\u00f1al\u00f3, que lo que se compr\u00f3 es el predio, no la plaza de toros, la cual ser\u00e1 demolida.<\/p>\n","protected":false},"excerpt":{"rendered":"<p>IXMIQUILPAN.- La presidenta municipal de Ixmiquilpan, Araceli Beltr\u00e1n Contreras, confirm\u00f3 la compra del predio donde se ubica la plaza de toros, en el cual se pretende construir las instalaciones de la secretar\u00eda de seguridad p\u00fablica.\u00a0 El objetivo principal, dijo, tiene que ver con la descentralizaci\u00f3n de los servicios municipales, comenzando por el de la seguridad [&hellip;]<\/p>\n","protected":false},"author":75,"featured_media":288458,"comment_status":"closed","ping_status":"closed","sticky":false,"template":"","format":"standard","meta":{"footnotes":""},"categories":[2159,40],"tags":[],"class_list":["post-288450","post","type-post","status-publish","format-standard","has-post-thumbnail","hentry","category-noticias-de-hidalgo","category-region"],"_links":{"self":[{"href":"https:\/\/plazajuarez.mx\/historico\/wp-json\/wp\/v2\/posts\/288450","targetHints":{"allow":["GET"]}}],"collection":[{"href":"https:\/\/plazajuarez.mx\/historico\/wp-json\/wp\/v2\/posts"}],"about":[{"href":"https:\/\/plazajuarez.mx\/historico\/wp-json\/wp\/v2\/types\/post"}],"author":[{"embeddable":true,"href":"https:\/\/plazajuarez.mx\/historico\/wp-json\/wp\/v2\/users\/75"}],"replies":[{"embeddable":true,"href":"https:\/\/plazajuarez.mx\/historico\/wp-json\/wp\/v2\/comments?post=288450"}],"version-history":[{"count":0,"href":"https:\/\/plazajuarez.mx\/historico\/wp-json\/wp\/v2\/posts\/288450\/revisions"}],"wp:featuredmedia":[{"embeddable":true,"href":"https:\/\/plazajuarez.mx\/historico\/wp-json\/wp\/v2\/media\/288458"}],"wp:attachment":[{"href":"https:\/\/plazajuarez.mx\/historico\/wp-json\/wp\/v2\/media?parent=288450"}],"wp:term":[{"taxonomy":"category","embeddable":true,"href":"https:\/\/plazajuarez.mx\/historico\/wp-json\/wp\/v2\/categories?post=288450"},{"taxonomy":"post_tag","embeddable":true,"href":"https:\/\/plazajuarez.mx\/historico\/wp-json\/wp\/v2\/tags?post=288450"}],"curies":[{"name":"wp","href":"https:\/\/api.w.org\/{rel}","templated":true}]}}