{"id":288444,"date":"2023-11-09T08:29:38","date_gmt":"2023-11-09T14:29:38","guid":{"rendered":"https:\/\/plazajuarez.mx\/?p=288444"},"modified":"2023-11-09T08:29:41","modified_gmt":"2023-11-09T14:29:41","slug":"por-fin-el-yathe-funcionara-construiran-el-canal-de-interconexion","status":"publish","type":"post","link":"https:\/\/plazajuarez.mx\/historico\/por-fin-el-yathe-funcionara-construiran-el-canal-de-interconexion\/","title":{"rendered":"Por fin, El Yath\u00e9 funcionar\u00e1, construir\u00e1n el canal de interconexi\u00f3n\u00a0"},"content":{"rendered":"\n<p><strong>ALFAJAYUCAN<\/strong>.- Despu\u00e9s de nueve a\u00f1os y de diversas gestiones, finalmente se anunci\u00f3 la construcci\u00f3n del canal de interconexi\u00f3n de la presa El Yath\u00e9, en el municipio de Alfajayucan.\u00a0<\/p>\n\n\n\n<p>Miguel \u00c1ngel Tello, titular de la Unidad de Planeaci\u00f3n en Hidalgo, encabez\u00f3 una reuni\u00f3n con autoridades agrarias del ejido de Alfajayucan, para anunciar el inicio de los trabajos.&nbsp;<\/p>\n\n\n\n<p>Se trata de un canal de interconexi\u00f3n que ir\u00e1 bajo tierra, tras diversos di\u00e1logos y acuerdos, se logr\u00f3 la liberaci\u00f3n del derecho de v\u00eda y con ello la inversi\u00f3n anunciada por el gobierno del estado, como parte de las promesas de campa\u00f1a del hoy gobernador, Julio Menchaca.&nbsp;<\/p>\n\n\n\n<p>De acuerdo al funcionario estatal, luego de diversas administraciones que prometieron ayudar a los productores del campo, finalmente se hace realidad esta obra prometida por gobiernos anteriores.&nbsp;<\/p>\n\n\n\n<p>Dijo que con la puesta en marcha de este sistema, se va a poder resolver el problema del estiaje y se beneficiar\u00e1n m\u00e1s de 10 mil hect\u00e1reas de tierras de cultivo.&nbsp;<\/p>\n","protected":false},"excerpt":{"rendered":"<p>ALFAJAYUCAN.- Despu\u00e9s de nueve a\u00f1os y de diversas gestiones, finalmente se anunci\u00f3 la construcci\u00f3n del canal de interconexi\u00f3n de la presa El Yath\u00e9, en el municipio de Alfajayucan.\u00a0 Miguel \u00c1ngel Tello, titular de la Unidad de Planeaci\u00f3n en Hidalgo, encabez\u00f3 una reuni\u00f3n con autoridades agrarias del ejido de Alfajayucan, para anunciar el inicio de los [&hellip;]<\/p>\n","protected":false},"author":75,"featured_media":288461,"comment_status":"closed","ping_status":"closed","sticky":false,"template":"","format":"standard","meta":{"footnotes":""},"categories":[2159,40],"tags":[],"class_list":["post-288444","post","type-post","status-publish","format-standard","has-post-thumbnail","hentry","category-noticias-de-hidalgo","category-region"],"_links":{"self":[{"href":"https:\/\/plazajuarez.mx\/historico\/wp-json\/wp\/v2\/posts\/288444","targetHints":{"allow":["GET"]}}],"collection":[{"href":"https:\/\/plazajuarez.mx\/historico\/wp-json\/wp\/v2\/posts"}],"about":[{"href":"https:\/\/plazajuarez.mx\/historico\/wp-json\/wp\/v2\/types\/post"}],"author":[{"embeddable":true,"href":"https:\/\/plazajuarez.mx\/historico\/wp-json\/wp\/v2\/users\/75"}],"replies":[{"embeddable":true,"href":"https:\/\/plazajuarez.mx\/historico\/wp-json\/wp\/v2\/comments?post=288444"}],"version-history":[{"count":0,"href":"https:\/\/plazajuarez.mx\/historico\/wp-json\/wp\/v2\/posts\/288444\/revisions"}],"wp:featuredmedia":[{"embeddable":true,"href":"https:\/\/plazajuarez.mx\/historico\/wp-json\/wp\/v2\/media\/288461"}],"wp:attachment":[{"href":"https:\/\/plazajuarez.mx\/historico\/wp-json\/wp\/v2\/media?parent=288444"}],"wp:term":[{"taxonomy":"category","embeddable":true,"href":"https:\/\/plazajuarez.mx\/historico\/wp-json\/wp\/v2\/categories?post=288444"},{"taxonomy":"post_tag","embeddable":true,"href":"https:\/\/plazajuarez.mx\/historico\/wp-json\/wp\/v2\/tags?post=288444"}],"curies":[{"name":"wp","href":"https:\/\/api.w.org\/{rel}","templated":true}]}}