{"id":288443,"date":"2023-11-09T08:04:11","date_gmt":"2023-11-09T14:04:11","guid":{"rendered":"https:\/\/plazajuarez.mx\/?p=288443"},"modified":"2023-11-09T08:04:14","modified_gmt":"2023-11-09T14:04:14","slug":"interpondran-amparo-contra-la-aprobacion-del-presupuesto-de-egresos-2024","status":"publish","type":"post","link":"https:\/\/plazajuarez.mx\/historico\/interpondran-amparo-contra-la-aprobacion-del-presupuesto-de-egresos-2024\/","title":{"rendered":"Interpondr\u00e1n amparo contra la aprobaci\u00f3n del presupuesto de egresos 2024"},"content":{"rendered":"\n<p class=\"wp-block-paragraph\">La Asociaci\u00f3n Nacional de Magistrados de Circuito y Juzgadores de los 32 circuitos del Poder Judicial de la Federaci\u00f3n, analizan la posibilidad de interponer una demanda de amparo contra la aprobaci\u00f3n del presupuesto de egresos del 2024.<\/p>\n\n\n\n<p class=\"wp-block-paragraph\">Lo anterior, ante el decreto publicado en el Diario Oficial de la Federaci\u00f3n el pasado 27 de octubre, que propone eliminar los fideicomisos con los que cuenta \u00e9ste \u00f3rgano jurisdiccional.<\/p>\n\n\n\n<p class=\"wp-block-paragraph\">En la lectura de la carta p\u00fablica, fuera de las instalaciones del Poder Judicial de la Federaci\u00f3n, citaron \u201clos juzgadores y juzgadoras tenemos la convicci\u00f3n de que la independencia judicial es la base de la democracia y garant\u00eda de los derechos humanos\u201d.<\/p>\n\n\n\n<p class=\"wp-block-paragraph\">En ese sentido precisaron que se analizar\u00e1n las violaciones al procedimiento legislativo mediante el cual fue aprobado dicho decreto, como los atropellos a los principios de independencia y autonom\u00eda judicial, divisi\u00f3n de poderes, progresividad, seguridad social, y derechos laborales en favor de la judicatura federal.<\/p>\n","protected":false},"excerpt":{"rendered":"<p>La Asociaci\u00f3n Nacional de Magistrados de Circuito y Juzgadores de los 32 circuitos del Poder Judicial de la Federaci\u00f3n, analizan la posibilidad de interponer una demanda de amparo contra la aprobaci\u00f3n del presupuesto de egresos del 2024. Lo anterior, ante el decreto publicado en el Diario Oficial de la Federaci\u00f3n el pasado 27 de octubre, [&hellip;]<\/p>\n","protected":false},"author":73,"featured_media":288445,"comment_status":"closed","ping_status":"closed","sticky":false,"template":"","format":"standard","meta":{"footnotes":""},"categories":[15,59],"tags":[],"class_list":["post-288443","post","type-post","status-publish","format-standard","has-post-thumbnail","hentry","category-destacadas","category-general"],"_links":{"self":[{"href":"https:\/\/plazajuarez.mx\/historico\/wp-json\/wp\/v2\/posts\/288443","targetHints":{"allow":["GET"]}}],"collection":[{"href":"https:\/\/plazajuarez.mx\/historico\/wp-json\/wp\/v2\/posts"}],"about":[{"href":"https:\/\/plazajuarez.mx\/historico\/wp-json\/wp\/v2\/types\/post"}],"author":[{"embeddable":true,"href":"https:\/\/plazajuarez.mx\/historico\/wp-json\/wp\/v2\/users\/73"}],"replies":[{"embeddable":true,"href":"https:\/\/plazajuarez.mx\/historico\/wp-json\/wp\/v2\/comments?post=288443"}],"version-history":[{"count":0,"href":"https:\/\/plazajuarez.mx\/historico\/wp-json\/wp\/v2\/posts\/288443\/revisions"}],"wp:featuredmedia":[{"embeddable":true,"href":"https:\/\/plazajuarez.mx\/historico\/wp-json\/wp\/v2\/media\/288445"}],"wp:attachment":[{"href":"https:\/\/plazajuarez.mx\/historico\/wp-json\/wp\/v2\/media?parent=288443"}],"wp:term":[{"taxonomy":"category","embeddable":true,"href":"https:\/\/plazajuarez.mx\/historico\/wp-json\/wp\/v2\/categories?post=288443"},{"taxonomy":"post_tag","embeddable":true,"href":"https:\/\/plazajuarez.mx\/historico\/wp-json\/wp\/v2\/tags?post=288443"}],"curies":[{"name":"wp","href":"https:\/\/api.w.org\/{rel}","templated":true}]}}