{"id":288442,"date":"2023-11-09T08:05:20","date_gmt":"2023-11-09T14:05:20","guid":{"rendered":"https:\/\/plazajuarez.mx\/?p=288442"},"modified":"2023-11-09T08:05:23","modified_gmt":"2023-11-09T14:05:23","slug":"julio-menchaca-otorga-visto-bueno-a-funcionarios-que-buscan-participar-en-proceso-electoral","status":"publish","type":"post","link":"https:\/\/plazajuarez.mx\/historico\/julio-menchaca-otorga-visto-bueno-a-funcionarios-que-buscan-participar-en-proceso-electoral\/","title":{"rendered":"Julio Menchaca, otorga visto bueno a funcionarios que buscan participar en proceso electoral"},"content":{"rendered":"\n<p class=\"wp-block-paragraph\">El gobernador del estado, Julio Menchaca Salazar, asegur\u00f3 que los funcionarios estatales con inter\u00e9s por contender en el pr\u00f3ximo proceso electoral, cuentan con el visto bueno para hacerlo.<\/p>\n\n\n\n<p class=\"wp-block-paragraph\">Precis\u00f3 que este punto se abord\u00f3 en la reuni\u00f3n de gabinete en donde se realiz\u00f3 una evaluaci\u00f3n del avance de los programas, cierre de ejercicio y el Programa Operativo Anual para el pr\u00f3ximo a\u00f1o.<\/p>\n\n\n\n<p class=\"wp-block-paragraph\">Se\u00f1al\u00f3 que son varios funcionarios integrantes de su gabinete, que mostraron su aspiraci\u00f3n, sin embargo puntualiz\u00f3 que est\u00e1n respetando las fechas para presentar su renuncia, luego que esto depende de la convocatoria y el proceso que emprenda su partido.<\/p>\n\n\n\n<p class=\"wp-block-paragraph\">En ese sentido, el mandatario estatal asegur\u00f3 que existen los cuadros suficientes para asumir responsabilidades de los espacios que se queden ac\u00e9falos, ante esta situaci\u00f3n pol\u00edtico-electoral.<\/p>\n\n\n\n<p class=\"wp-block-paragraph\">En tanto garantiz\u00f3 que no intervendr\u00e1 en ning\u00fan momento del proceso de su partido, adem\u00e1s de asegurar que las personas que se vayan ser\u00e1 por una aspiraci\u00f3n pol\u00edtica, y no por falta de resultados.<\/p>\n\n\n\n<p class=\"wp-block-paragraph\">Dijo \u201ctienen el visto bueno, pero a\u00fan no se han inscrito, no hay intervenci\u00f3n de mi parte, es trabajo de partido, las reglas son claras, solo les he dicho que midan su capital pol\u00edtico para que les de confianza incursionar en actividades pol\u00edticas; no se trata de abandono es aprovechar coyunturas para crecer personal y profesionalmente\u201d.<\/p>\n\n\n\n<p class=\"wp-block-paragraph\">Asimismo adelant\u00f3, que se tiene una proyecci\u00f3n de 68 mil millones de pesos para el pr\u00f3ximo ejercicio fiscal 2024, de tal manera que esperar\u00e1n el an\u00e1lisis en la c\u00e1mara de diputados.<\/p>\n\n\n\n<p class=\"wp-block-paragraph\">Lo anterior fue declarado, posterior a la entrega de reconocimientos al m\u00e9rito del trabajador de la salud, en donde refrend\u00f3 el compromiso de su administraci\u00f3n con la mejora de las condiciones en las que se encuentra el sector en la entidad, tanto para pacientes como para quienes dedican sus vidas al cuidado de miles de personas.&nbsp;&nbsp;<\/p>\n","protected":false},"excerpt":{"rendered":"<p>El gobernador del estado, Julio Menchaca Salazar, asegur\u00f3 que los funcionarios estatales con inter\u00e9s por contender en el pr\u00f3ximo proceso electoral, cuentan con el visto bueno para hacerlo. Precis\u00f3 que este punto se abord\u00f3 en la reuni\u00f3n de gabinete en donde se realiz\u00f3 una evaluaci\u00f3n del avance de los programas, cierre de ejercicio y el [&hellip;]<\/p>\n","protected":false},"author":73,"featured_media":288447,"comment_status":"closed","ping_status":"closed","sticky":false,"template":"","format":"standard","meta":{"footnotes":""},"categories":[15,59],"tags":[],"class_list":["post-288442","post","type-post","status-publish","format-standard","has-post-thumbnail","hentry","category-destacadas","category-general"],"_links":{"self":[{"href":"https:\/\/plazajuarez.mx\/historico\/wp-json\/wp\/v2\/posts\/288442","targetHints":{"allow":["GET"]}}],"collection":[{"href":"https:\/\/plazajuarez.mx\/historico\/wp-json\/wp\/v2\/posts"}],"about":[{"href":"https:\/\/plazajuarez.mx\/historico\/wp-json\/wp\/v2\/types\/post"}],"author":[{"embeddable":true,"href":"https:\/\/plazajuarez.mx\/historico\/wp-json\/wp\/v2\/users\/73"}],"replies":[{"embeddable":true,"href":"https:\/\/plazajuarez.mx\/historico\/wp-json\/wp\/v2\/comments?post=288442"}],"version-history":[{"count":0,"href":"https:\/\/plazajuarez.mx\/historico\/wp-json\/wp\/v2\/posts\/288442\/revisions"}],"wp:featuredmedia":[{"embeddable":true,"href":"https:\/\/plazajuarez.mx\/historico\/wp-json\/wp\/v2\/media\/288447"}],"wp:attachment":[{"href":"https:\/\/plazajuarez.mx\/historico\/wp-json\/wp\/v2\/media?parent=288442"}],"wp:term":[{"taxonomy":"category","embeddable":true,"href":"https:\/\/plazajuarez.mx\/historico\/wp-json\/wp\/v2\/categories?post=288442"},{"taxonomy":"post_tag","embeddable":true,"href":"https:\/\/plazajuarez.mx\/historico\/wp-json\/wp\/v2\/tags?post=288442"}],"curies":[{"name":"wp","href":"https:\/\/api.w.org\/{rel}","templated":true}]}}