{"id":2884,"date":"2015-03-27T06:00:00","date_gmt":"2015-03-27T06:00:00","guid":{"rendered":"http:\/\/plazajuarez.mx\/index\/index.php\/2015\/03\/27\/los-jefes-militares-en-ny\/"},"modified":"2015-03-27T06:00:00","modified_gmt":"2015-03-27T06:00:00","slug":"los-jefes-militares-en-ny","status":"publish","type":"post","link":"https:\/\/plazajuarez.mx\/historico\/los-jefes-militares-en-ny\/","title":{"rendered":"Los jefes militares en NY\u00a0"},"content":{"rendered":"<p>BAJO RESERVA EXPR\u00c9S<\/p>\n<p>El a\u00f1o pasado, el gobierno mexicano decidi\u00f3 participar en operaciones de mantenimiento de la paz de las Naciones Unidas. El presidente Enrique Pe\u00f1a Nieto anunci\u00f3 la incorporaci\u00f3n en septiembre en el marco de la 69 asamblea ONU.\u00a0<\/p>\n<p>  <!--more-->  <\/p>\n<p>\u00a0<\/p>\n<p>Hace un par de semanas, la administraci\u00f3n federal dio a conocer que cuatro militares mexicanos, dos designados por la Secretar\u00eda de la Defensa Nacional, y dos por la Secretar\u00eda de Marina, partir\u00edan en breve en las operaciones en Hait\u00ed y el S\u00e1hara Occidental.\u00a0<\/p>\n<p>Como parte de la organizaci\u00f3n de la misi\u00f3n, los secretarios de la Defensa, general Salvador Cienfuegos, y de Marina, almirante Vidal Sober\u00f3n, viajan este jueves a Estados Unidos, nos comentan.\u00a0<\/p>\n<p>\u00bfCu\u00e1l es el motivo de la visita?\u00a0<\/p>\n<p>Los jefes de las Fuerzas Armadas de M\u00e9xico acuden a la sede de la ONU, en Nueva York, para tejer fino sobre la incorporaci\u00f3n de los militares a las misiones, nos informan.\u00a0<\/p>\n<p>Es el primer acercamiento en esta participaci\u00f3n un tanto cuanto simb\u00f3lica.\u00a0<\/p>\n<p>\u00bfHabr\u00e1 m\u00e1s militares mexicanos en los cascos azules?\u00a0<\/p>\n","protected":false},"excerpt":{"rendered":"<p>BAJO RESERVA EXPR\u00c9S El a\u00f1o pasado, el gobierno mexicano decidi\u00f3 participar en operaciones de mantenimiento de la paz de las Naciones Unidas. El presidente Enrique Pe\u00f1a Nieto anunci\u00f3 la incorporaci\u00f3n en septiembre en el marco de la 69 asamblea ONU.\u00a0<\/p>\n","protected":false},"author":93,"featured_media":0,"comment_status":"open","ping_status":"open","sticky":false,"template":"","format":"standard","meta":{"footnotes":""},"categories":[42],"tags":[],"class_list":["post-2884","post","type-post","status-publish","format-standard","hentry","category-nuestrapalabra"],"_links":{"self":[{"href":"https:\/\/plazajuarez.mx\/historico\/wp-json\/wp\/v2\/posts\/2884","targetHints":{"allow":["GET"]}}],"collection":[{"href":"https:\/\/plazajuarez.mx\/historico\/wp-json\/wp\/v2\/posts"}],"about":[{"href":"https:\/\/plazajuarez.mx\/historico\/wp-json\/wp\/v2\/types\/post"}],"author":[{"embeddable":true,"href":"https:\/\/plazajuarez.mx\/historico\/wp-json\/wp\/v2\/users\/93"}],"replies":[{"embeddable":true,"href":"https:\/\/plazajuarez.mx\/historico\/wp-json\/wp\/v2\/comments?post=2884"}],"version-history":[{"count":0,"href":"https:\/\/plazajuarez.mx\/historico\/wp-json\/wp\/v2\/posts\/2884\/revisions"}],"wp:attachment":[{"href":"https:\/\/plazajuarez.mx\/historico\/wp-json\/wp\/v2\/media?parent=2884"}],"wp:term":[{"taxonomy":"category","embeddable":true,"href":"https:\/\/plazajuarez.mx\/historico\/wp-json\/wp\/v2\/categories?post=2884"},{"taxonomy":"post_tag","embeddable":true,"href":"https:\/\/plazajuarez.mx\/historico\/wp-json\/wp\/v2\/tags?post=2884"}],"curies":[{"name":"wp","href":"https:\/\/api.w.org\/{rel}","templated":true}]}}