{"id":2883,"date":"2015-03-27T06:00:00","date_gmt":"2015-03-27T06:00:00","guid":{"rendered":"http:\/\/plazajuarez.mx\/index\/index.php\/2015\/03\/27\/el-castigo-del-diablo\/"},"modified":"2015-03-27T06:00:00","modified_gmt":"2015-03-27T06:00:00","slug":"el-castigo-del-diablo","status":"publish","type":"post","link":"https:\/\/plazajuarez.mx\/historico\/el-castigo-del-diablo\/","title":{"rendered":"El castigo del diablo\u2026"},"content":{"rendered":"<p>AN\u00c1LISIS<\/p>\n<p>Un joven trotskista, de extrema izquierda, que hace labor social entre las prostitutas de Buenos Aires y se cartea con su amigo, el papa Francisco, fue el autor de la indiscreci\u00f3n sobre la posible mexicanizaci\u00f3n de Argentina. As\u00ed lo revel\u00f3, un tanto apenado y con genuina timidez, el pont\u00edfice en una reciente entrevista de Televisa con Valentina Alazraki. (Es obvio que el tema no lo deja en paz).\u00a0<\/p>\n<p>  <!--more-->  <\/p>\n<p>\u00a0<\/p>\n<p>Francisco reconoci\u00f3 que el correo hab\u00eda sido de car\u00e1cter privado, y que nunca debi\u00f3 filtrarse a los medios, pero trat\u00e1ndose del Papa entendi\u00f3 la tentaci\u00f3n de hacerlo p\u00fablico.\u00a0<\/p>\n<p>En un par de ocasiones repiti\u00f3 que nunca tuvo la menor intenci\u00f3n de denigrar a M\u00e9xico, un pa\u00eds que muchos envidian porque \u201cElla\u201d (la Virgen) lo escogi\u00f3 para mostrarse al mundo como madre mestiza del Salvador (\u201creinecita\u201d de Am\u00e9rica, la llam\u00f3 con ternura). Por eso \u201cel diablo\u201d nos castiga. Y los mexicanos, hasta los ateos, tenemos motivos para ser guadalupanos. (En una parte no muy clara de la entrevista, cuando Francisco hace una catequesis de la Virgen, dijo que su aparici\u00f3n explica la maldad y la violencia que nos acosa. \u201cEl castigo del diablo\u201d, le llam\u00f3).\u00a0<\/p>\n<p>Reconoci\u00f3 que los argentinos son muy engre\u00eddos. Pero tras una \u201cencuesta personal\u201d con periodistas argentinos descubri\u00f3 que m\u00e1s del 90% de los mexicanos no se sintieron ofendidos por su comentario. Es obvio que le preocupa que lo hayan sorprendido (\u00bfcriticando?) a M\u00e9xico.\u00a0<\/p>\n<p>Extra\u00f1a \u201ccallejear\u201d. Le apetece visitar una pizzer\u00eda y hablar con la gente. Vuelve a darnos la impresi\u00f3n de que le atrae el camino de Ratzinger. Hasta tiene la sospecha de que su pontificado ser\u00e1 breve, \u201cno m\u00e1s de cinco a\u00f1os\u201d. \u201cDos o tres\u201d (\u201cbueno, dos ya los cumpl\u00ed\u2026\u201d).\u00a0<\/p>\n<p>Prefiere Casa Santa Marta sobre la soledad del palacio pontificio. Recordemos que despu\u00e9s del c\u00f3nclave, ya con sotana blanca, sali\u00f3 en un cochecito de los guardias del Vaticano para recoger su equipaje y pagar personalmente la cuenta del modesto hotel donde se aloj\u00f3 al llegar a Roma. No creo que desee convertir el papado en un puesto sujeto a rotaci\u00f3n\u2026\u00a0<\/p>\n<p>Est\u00e1 convencido que los muertos de Ayotzinapa no buscan \u201cvenganza\u201d; s\u00f3lo esperan \u201cque se les recuerde\u201d. Pero el palurdo de Vicente Fox, m\u00e1s papista que el Papa (y \u201cpalero\u201d de Pe\u00f1a Nieto), opina que los padres de los normalistas ya est\u00e1n exagerando la nota. Se volvi\u00f3 ofensivo: \u201cque bien que quieran tanto a sus hijos; que los extra\u00f1en y los lloren tanto. Pero ya tienen que aceptar la realidad. El pa\u00eds debe seguir adelante\u2026\u201d \u00a1Incre\u00edble!\u00a0<\/p>\n<p>Cuesta trabajo imaginar a un pont\u00edfice tan sencillo como Francisco. Y m\u00e1s, comparado con el ostentoso cardenal Sodano, que durante el pontificado de Ratzinger actuaba como vicepresidente del Vaticano.\u00a0<\/p>\n<p>En Santa Marta el Papa desayuna en la cafeter\u00eda para mezclarse con los dem\u00e1s hu\u00e9spedes. Ejerce su pontificado sin \u00ednfulas y sin \u201caires de grandeza\u201d. Parece enfatizar a cada paso que el papado no debe separarlo del resto de los mortales\u2026\u00a0<br \/> <strong>http:\/\/jorgecamil.com\u00a0<\/strong><\/p>\n","protected":false},"excerpt":{"rendered":"<p>AN\u00c1LISIS Un joven trotskista, de extrema izquierda, que hace labor social entre las prostitutas de Buenos Aires y se cartea con su amigo, el papa Francisco, fue el autor de la indiscreci\u00f3n sobre la posible mexicanizaci\u00f3n de Argentina. As\u00ed lo revel\u00f3, un tanto apenado y con genuina timidez, el pont\u00edfice en una reciente entrevista de [&hellip;]<\/p>\n","protected":false},"author":93,"featured_media":0,"comment_status":"open","ping_status":"open","sticky":false,"template":"","format":"standard","meta":{"footnotes":""},"categories":[42],"tags":[],"class_list":["post-2883","post","type-post","status-publish","format-standard","hentry","category-nuestrapalabra"],"_links":{"self":[{"href":"https:\/\/plazajuarez.mx\/historico\/wp-json\/wp\/v2\/posts\/2883","targetHints":{"allow":["GET"]}}],"collection":[{"href":"https:\/\/plazajuarez.mx\/historico\/wp-json\/wp\/v2\/posts"}],"about":[{"href":"https:\/\/plazajuarez.mx\/historico\/wp-json\/wp\/v2\/types\/post"}],"author":[{"embeddable":true,"href":"https:\/\/plazajuarez.mx\/historico\/wp-json\/wp\/v2\/users\/93"}],"replies":[{"embeddable":true,"href":"https:\/\/plazajuarez.mx\/historico\/wp-json\/wp\/v2\/comments?post=2883"}],"version-history":[{"count":0,"href":"https:\/\/plazajuarez.mx\/historico\/wp-json\/wp\/v2\/posts\/2883\/revisions"}],"wp:attachment":[{"href":"https:\/\/plazajuarez.mx\/historico\/wp-json\/wp\/v2\/media?parent=2883"}],"wp:term":[{"taxonomy":"category","embeddable":true,"href":"https:\/\/plazajuarez.mx\/historico\/wp-json\/wp\/v2\/categories?post=2883"},{"taxonomy":"post_tag","embeddable":true,"href":"https:\/\/plazajuarez.mx\/historico\/wp-json\/wp\/v2\/tags?post=2883"}],"curies":[{"name":"wp","href":"https:\/\/api.w.org\/{rel}","templated":true}]}}