{"id":288212,"date":"2023-11-07T09:22:02","date_gmt":"2023-11-07T15:22:02","guid":{"rendered":"https:\/\/plazajuarez.mx\/?p=288212"},"modified":"2023-11-07T09:27:39","modified_gmt":"2023-11-07T15:27:39","slug":"violento-amanecer-para-dos-que-iban-a-robar-uno-esta-muerto","status":"publish","type":"post","link":"https:\/\/plazajuarez.mx\/historico\/violento-amanecer-para-dos-que-iban-a-robar-uno-esta-muerto\/","title":{"rendered":"Violento amanecer para dos que iban a robar. Uno est\u00e1 muerto"},"content":{"rendered":"\n<p>La ma\u00f1ana de este martes, fue de funestas consecuencias para dos presuntos ladrones que intentaron robar en un inmueble habitacional de la colonia Vicente Guerrero de Tulancingo, d\u00f3nde uno de ellos se debat\u00eda entre la vida y la muerte, tras ser gravemente herido de manera violenta.<\/p>\n\n\n\n<p>Fueron vecinos de la calle San Luis, de la colonia antes descrita, quienes llamaron al 911 de Emergencias, para reportar que se escucharon impactos de arma de fuego, un intenso rechinar de llantas, rugidos de motor y que hab\u00eda una persona tirada con profusa hemorragia, por lo que solicitaron la urgente intervenci\u00f3n policial, as\u00ed como de socorristas y param\u00e9dicos.<\/p>\n\n\n\n<p>Al lugar inicialmente acudieron elementos de la Polic\u00eda Municipal, quienes corroboraron la localizaci\u00f3n de un masculino tirado en la cinta asf\u00e1ltica, a un lado tambi\u00e9n se aprecio una motocicleta y el hombre sangraba profundamente de la cabeza.<\/p>\n\n\n\n<p>Por ello, pidieron la pronta intervenci\u00f3n de cuerpos de auxilio y posteriormente llegaron socorristas de la Cruz Roja, quienes valoraron y estabilizaron al infortunado, pero por el estado cr\u00edtico que present\u00f3 decidieron su inmediato traslado a un nosocomio de Tulancingo.<\/p>\n\n\n\n<p>Otra de las versiones que se dieron en el sitio, relata que el motociclista habr\u00eda sido impactado por una camioneta cuyos tripulantes le habr\u00edan disparado con arma de fuego y le dieron un balazo en la cabeza, lo que lo dejo al borde del deceso; sin embargo al momento no se ha confirmado est\u00e1 hip\u00f3tesis.<\/p>\n\n\n\n<p>De \u00faltimo momento, de manera extraoficial trasciende que en el nosocomio, el presunto ladr\u00f3n perdi\u00f3 la vida a consecuencia de las graves lesiones que sufri\u00f3 y que se habr\u00eda tratado de un conocido delincuente de la regi\u00f3n de Tulancingo.<\/p>\n","protected":false},"excerpt":{"rendered":"<p>La ma\u00f1ana de este martes, fue de funestas consecuencias para dos presuntos ladrones que intentaron robar en un inmueble habitacional de la colonia Vicente Guerrero de Tulancingo, d\u00f3nde uno de ellos se debat\u00eda entre la vida y la muerte, tras ser gravemente herido de manera violenta. Fueron vecinos de la calle San Luis, de la [&hellip;]<\/p>\n","protected":false},"author":93,"featured_media":288213,"comment_status":"closed","ping_status":"closed","sticky":false,"template":"","format":"standard","meta":{"footnotes":""},"categories":[37,15],"tags":[],"class_list":["post-288212","post","type-post","status-publish","format-standard","has-post-thumbnail","hentry","category-barandilla","category-destacadas"],"_links":{"self":[{"href":"https:\/\/plazajuarez.mx\/historico\/wp-json\/wp\/v2\/posts\/288212","targetHints":{"allow":["GET"]}}],"collection":[{"href":"https:\/\/plazajuarez.mx\/historico\/wp-json\/wp\/v2\/posts"}],"about":[{"href":"https:\/\/plazajuarez.mx\/historico\/wp-json\/wp\/v2\/types\/post"}],"author":[{"embeddable":true,"href":"https:\/\/plazajuarez.mx\/historico\/wp-json\/wp\/v2\/users\/93"}],"replies":[{"embeddable":true,"href":"https:\/\/plazajuarez.mx\/historico\/wp-json\/wp\/v2\/comments?post=288212"}],"version-history":[{"count":0,"href":"https:\/\/plazajuarez.mx\/historico\/wp-json\/wp\/v2\/posts\/288212\/revisions"}],"wp:featuredmedia":[{"embeddable":true,"href":"https:\/\/plazajuarez.mx\/historico\/wp-json\/wp\/v2\/media\/288213"}],"wp:attachment":[{"href":"https:\/\/plazajuarez.mx\/historico\/wp-json\/wp\/v2\/media?parent=288212"}],"wp:term":[{"taxonomy":"category","embeddable":true,"href":"https:\/\/plazajuarez.mx\/historico\/wp-json\/wp\/v2\/categories?post=288212"},{"taxonomy":"post_tag","embeddable":true,"href":"https:\/\/plazajuarez.mx\/historico\/wp-json\/wp\/v2\/tags?post=288212"}],"curies":[{"name":"wp","href":"https:\/\/api.w.org\/{rel}","templated":true}]}}