{"id":2882,"date":"2015-03-27T06:00:00","date_gmt":"2015-03-27T06:00:00","guid":{"rendered":"http:\/\/plazajuarez.mx\/index\/index.php\/2015\/03\/27\/carmen-aristegui-sangre-y-espectaculo\/"},"modified":"2015-03-27T06:00:00","modified_gmt":"2015-03-27T06:00:00","slug":"carmen-aristegui-sangre-y-espectaculo","status":"publish","type":"post","link":"https:\/\/plazajuarez.mx\/historico\/carmen-aristegui-sangre-y-espectaculo\/","title":{"rendered":"Carmen Aristegui: Sangre y espect\u00e1culo"},"content":{"rendered":"<p><strong>OPINI\u00d3N<\/strong><\/p>\n<p><em>\u201cPara Carmen, Daniel, Irving, Rafael y el resto del equipo\u201d\u00a0<\/em><\/p>\n<p>  <!--more-->  <\/p>\n<p>\u00a0<\/p>\n<p>Hay dos interpretaciones muy distintas sobre lo ocurrido en el conflicto MVS-Aristegui. Por un lado, hay quienes alegan que el tema es entre particulares y que se trata de un conflicto b\u00e1sicamente laboral y de abuso y p\u00e9rdida de confianza. Por el otro, est\u00e1n los que creen que se trata de un tema de inter\u00e9s p\u00fablico y en el que est\u00e1 en juego el tema de la libertad de expresi\u00f3n en el pa\u00eds.\u00a0<\/p>\n<p>La primera versi\u00f3n es insostenible. No s\u00f3lo es absurdo que una empresa aluda a un mal uso de la marca, cuando en realidad la relaci\u00f3n que estableci\u00f3 Aristegui con Mexicoleaks era de \u00edndole period\u00edstica y no comercial. A menos, claro, de que estuvieran en contra del proyecto como tal, lo cual fue negado por la empresa en un comunicado posterior.<\/p>\n<p>Por otro lado, al haberle otorgado independencia editorial, tambi\u00e9n es claro que le daban libertad a Aristegui para que ella tomara las decisiones que considerara relevantes para la mejor realizaci\u00f3n de su trabajo (dentro de ciertos l\u00edmites, por supuesto). La participaci\u00f3n de parte del equipo de Aristegui en Mexicoleaks se daba entonces en ejercicio de esa independencia. Adem\u00e1s, como bien lo aclar\u00f3 el ombudsman de MVS, en el portal de Mexicoleaks no se utiliz\u00f3 nunca el logo de MVS, lo cual contradice una especie muy difundida sobre el uso indebido de \u00e9ste. Lo \u00fanico que aparec\u00eda en el portal era el nombre de MVS como parte de la afiliaci\u00f3n institucional de algunos de los miembros del equipo period\u00edstico.<\/p>\n<p>En cualquier caso, es completamente inveros\u00edmil que un detalle como \u00e9ste hubiera desatado una respuesta de parte de MVS tan desproporcionada y estridente.\u00a0<\/p>\n<p>La virulencia injustificada de la respuesta de MVS y la s\u00fabita aparici\u00f3n de unos (a) lineamientos que pretend\u00edan restringir la libertad editorial y de investigaci\u00f3n de Carmen Aristegui, tampoco abonan a la credibilidad de un s\u00fabito malestar derivado de un uso indebido del nombre de la empresa. Todo esto m\u00e1s bien parece ser parte de un gui\u00f3n cuidadosamente preconcebido.<\/p>\n<p>En particular, todo parece indicar que desde alguna parte del poder se orquest\u00f3 una escenificaci\u00f3n que culmin\u00f3 con la salida de Carmen Aristegui. Es claro que las investigaciones del equipo de Carmen en torno a la \u201cCasa Blanca\u201d y a otros conflictos de inter\u00e9s afectaron la credibilidad de este gobierno. Hoy sabemos tambi\u00e9n que hubo intentos previos por censurar la difusi\u00f3n de la investigaci\u00f3n en los noticieros de MVS. As\u00ed, las sospechas apuntan al gobierno y, en particular, a personas muy espec\u00edficas dentro de la administraci\u00f3n.\u00a0<\/p>\n<p>El actual coordinador de Comunicaci\u00f3n Social de la Presidencia y ex vocero presidencial, Eduardo S\u00e1nchez, fue vicepresidente jur\u00eddico y abogado de MVS por varios a\u00f1os. Hasta enero de 2014, hab\u00eda sido subsecretario de Medios y Normatividad de la Secretar\u00eda de Gobernaci\u00f3n, en donde ten\u00eda como subordinado a Andr\u00e9s Chao, quien eventualmente lo sustituy\u00f3 en la Subsecretar\u00eda al pasar el primero a ocupar la vocer\u00eda presidencial.<\/p>\n<p>Andr\u00e9s Chao es a su vez hermano de Felipe Chao, actual vicepresidente de Relaciones Institucionales de MVS y quien ha actuado como vocero de la empresa en todo este conflicto. Es il\u00f3gico pensar que con tan estrechas relaciones entre funcionarios de Gobernaci\u00f3n y Presidencia con MVS no haya habido alg\u00fan tipo de comunicaci\u00f3n sobre el tema en cuesti\u00f3n. Si lo hablaron ex ante, mal, pues revelar\u00eda la colusi\u00f3n. Si lo hicieron o no ex post, tambi\u00e9n mal, pues habr\u00edan fallado por omisi\u00f3n.\u00a0<\/p>\n<p>Aurelio Nu\u00f1o, jefe de la Oficina de la Presidencia, declar\u00f3 hace poco que en el gobierno no ceder\u00edan ante aquellos que clamaban en la plaza p\u00fablica por \u201csangre y espect\u00e1culo\u201d. Al parecer, los que buscaban precisamente eso est\u00e1n en casa y rodean al Presidente. Quiz\u00e1 incluso creen que le han hecho un gran favor.<\/p>\n<p>No se dan cuenta que el despido del equipo de periodistas que llev\u00f3 a cabo la investigaci\u00f3n period\u00edstica m\u00e1s importante de los \u00faltimos a\u00f1os afecta a\u00fan m\u00e1s la credibilidad del Presidente y de su administraci\u00f3n entera. Basta ver las notas de la prensa internacional para entender que afuera se percibe todo esto como un manotazo del Presidente.<\/p>\n<p>Para los medios internacionales, Pe\u00f1a Nieto ya no es el gran mandatario reformador de 2013, sino que ahora aparece como un Presidente afectado por indicios de corrupci\u00f3n y censura. Flaco favor le hicieron al Presidente los que orquestaron y\/o permitieron todo esto. Con esos colaboradores, para qu\u00e9 quiere enemigos.\u00a0<br \/> <strong>Twitter: @esquivelgerardo\u00a0<br \/> Correo: gesquive@colmex.mx\u00a0<\/strong><\/p>\n","protected":false},"excerpt":{"rendered":"<p>OPINI\u00d3N \u201cPara Carmen, Daniel, Irving, Rafael y el resto del equipo\u201d\u00a0<\/p>\n","protected":false},"author":93,"featured_media":0,"comment_status":"open","ping_status":"open","sticky":false,"template":"","format":"standard","meta":{"footnotes":""},"categories":[42],"tags":[],"class_list":["post-2882","post","type-post","status-publish","format-standard","hentry","category-nuestrapalabra"],"_links":{"self":[{"href":"https:\/\/plazajuarez.mx\/historico\/wp-json\/wp\/v2\/posts\/2882","targetHints":{"allow":["GET"]}}],"collection":[{"href":"https:\/\/plazajuarez.mx\/historico\/wp-json\/wp\/v2\/posts"}],"about":[{"href":"https:\/\/plazajuarez.mx\/historico\/wp-json\/wp\/v2\/types\/post"}],"author":[{"embeddable":true,"href":"https:\/\/plazajuarez.mx\/historico\/wp-json\/wp\/v2\/users\/93"}],"replies":[{"embeddable":true,"href":"https:\/\/plazajuarez.mx\/historico\/wp-json\/wp\/v2\/comments?post=2882"}],"version-history":[{"count":0,"href":"https:\/\/plazajuarez.mx\/historico\/wp-json\/wp\/v2\/posts\/2882\/revisions"}],"wp:attachment":[{"href":"https:\/\/plazajuarez.mx\/historico\/wp-json\/wp\/v2\/media?parent=2882"}],"wp:term":[{"taxonomy":"category","embeddable":true,"href":"https:\/\/plazajuarez.mx\/historico\/wp-json\/wp\/v2\/categories?post=2882"},{"taxonomy":"post_tag","embeddable":true,"href":"https:\/\/plazajuarez.mx\/historico\/wp-json\/wp\/v2\/tags?post=2882"}],"curies":[{"name":"wp","href":"https:\/\/api.w.org\/{rel}","templated":true}]}}