{"id":288050,"date":"2023-11-06T07:31:01","date_gmt":"2023-11-06T13:31:01","guid":{"rendered":"https:\/\/plazajuarez.mx\/?p=288050"},"modified":"2023-11-06T10:52:12","modified_gmt":"2023-11-06T16:52:12","slug":"presentan-exposicion-fotografica-digital","status":"publish","type":"post","link":"https:\/\/plazajuarez.mx\/historico\/presentan-exposicion-fotografica-digital\/","title":{"rendered":"Presentan exposici\u00f3n fotogr\u00e1fica digital"},"content":{"rendered":"\n<p>A trav\u00e9s del Proyecto Educaci\u00f3n Intercultural, producci\u00f3n de conocimiento de los pueblos ind\u00edgenas y afrodescendientes, la Universidad Pedag\u00f3gica Nacional Unidad 131-Hidalgo convoc\u00f3 a la comunidad local a participar en una exposici\u00f3n fotogr\u00e1fica virtual con motivo del D\u00eda de Muertos, misma que se realiz\u00f3 desde el pasado 25 de octubre.<\/p>\n\n\n\n<p>Con un total de 45 im\u00e1genes de 28 participantes, la Universidad Pedag\u00f3gica Nacional Unidad Hidalgo (UPN-H) realiz\u00f3 la exposici\u00f3n fotogr\u00e1fica digital del D\u00eda de Muertos: &#8220;Ixkopinixpantili mijkailjuiltl&#8221;, &#8220;Ya ehe gi handi ya k&#8217;oi, ra nfente ya zi du&#8221;, &#8220;Malakasukan la&#8217;ats&#8217;o&#8217;stun ixlakata santoru&#8221;, con la que se busc\u00f3 contribuir a la preservaci\u00f3n de las tradiciones seg\u00fan el libro virtual publicado por dicha universidad.<\/p>\n\n\n\n<p>La exposici\u00f3n se puede consultar en el siguiente enlace web, <a href=\"http:\/\/upnhidalgo.edu.mx\/d%C3%ADa%20de%20muertos\/book.html\">&nbsp;http:\/\/upnhidalgo.edu.mx\/d%C3%ADa%20de%20muertos\/book.html<\/a>, en donde se encontrar\u00e1n las primeras 30 fotograf\u00edas entregadas por los participantes en la convocatoria, m\u00e1s 15&nbsp; im\u00e1genes en los que Dalia Pe\u00f1a Islas y Ra\u00fal Macuil Mart\u00ednez, los coordinadores del proyecto Intercultural de la UPN-H, utilizaron para mostrar las plazas grandes y mercados en la fiesta de los muertos.<\/p>\n","protected":false},"excerpt":{"rendered":"<p>A trav\u00e9s del Proyecto Educaci\u00f3n Intercultural, producci\u00f3n de conocimiento de los pueblos ind\u00edgenas y afrodescendientes, la Universidad Pedag\u00f3gica Nacional Unidad 131-Hidalgo convoc\u00f3 a la comunidad local a participar en una exposici\u00f3n fotogr\u00e1fica virtual con motivo del D\u00eda de Muertos, misma que se realiz\u00f3 desde el pasado 25 de octubre. Con un total de 45 im\u00e1genes [&hellip;]<\/p>\n","protected":false},"author":93,"featured_media":288053,"comment_status":"closed","ping_status":"closed","sticky":false,"template":"","format":"standard","meta":{"footnotes":""},"categories":[59],"tags":[],"class_list":["post-288050","post","type-post","status-publish","format-standard","has-post-thumbnail","hentry","category-general"],"_links":{"self":[{"href":"https:\/\/plazajuarez.mx\/historico\/wp-json\/wp\/v2\/posts\/288050","targetHints":{"allow":["GET"]}}],"collection":[{"href":"https:\/\/plazajuarez.mx\/historico\/wp-json\/wp\/v2\/posts"}],"about":[{"href":"https:\/\/plazajuarez.mx\/historico\/wp-json\/wp\/v2\/types\/post"}],"author":[{"embeddable":true,"href":"https:\/\/plazajuarez.mx\/historico\/wp-json\/wp\/v2\/users\/93"}],"replies":[{"embeddable":true,"href":"https:\/\/plazajuarez.mx\/historico\/wp-json\/wp\/v2\/comments?post=288050"}],"version-history":[{"count":0,"href":"https:\/\/plazajuarez.mx\/historico\/wp-json\/wp\/v2\/posts\/288050\/revisions"}],"wp:featuredmedia":[{"embeddable":true,"href":"https:\/\/plazajuarez.mx\/historico\/wp-json\/wp\/v2\/media\/288053"}],"wp:attachment":[{"href":"https:\/\/plazajuarez.mx\/historico\/wp-json\/wp\/v2\/media?parent=288050"}],"wp:term":[{"taxonomy":"category","embeddable":true,"href":"https:\/\/plazajuarez.mx\/historico\/wp-json\/wp\/v2\/categories?post=288050"},{"taxonomy":"post_tag","embeddable":true,"href":"https:\/\/plazajuarez.mx\/historico\/wp-json\/wp\/v2\/tags?post=288050"}],"curies":[{"name":"wp","href":"https:\/\/api.w.org\/{rel}","templated":true}]}}