{"id":28794,"date":"2016-09-22T14:53:10","date_gmt":"2016-09-22T14:53:10","guid":{"rendered":"http:\/\/plazajuarez.mx\/index\/index.php\/2016\/09\/22\/en-tepeji-del-rio-hallan-cuerpo-amordazado-con-corbata\/"},"modified":"2016-09-22T14:53:10","modified_gmt":"2016-09-22T14:53:10","slug":"en-tepeji-del-rio-hallan-cuerpo-amordazado-con-corbata","status":"publish","type":"post","link":"https:\/\/plazajuarez.mx\/historico\/en-tepeji-del-rio-hallan-cuerpo-amordazado-con-corbata\/","title":{"rendered":"EN TEPEJI DEL RIO HALLAN CUERPO AMORDAZADO CON CORBATA"},"content":{"rendered":"<p>El occiso se desempe\u00f1aba como Director del Instituto Municipal de la Juventud de Tepeji del Rio en la actual administraci\u00f3n<\/p>\n<p>  <!--more-->  <\/p>\n<p>Desafortunadamente la tarde del pasado martes, fue hallado el cuerpo sin vida de un hombre que hab\u00eda desaparecido desde el pasado 16 de septiembre del presente a\u00f1o.<br \/>El hoy occiso recientemente se desempe\u00f1aba como Director del Instituto Municipal de la Juventud de Tepeji del Rio en la actual administraci\u00f3n. <br \/>El cuerpo fue localizado en el municipio de Atotonilco de Tula, en el departamento marcado con el n\u00famero 8 del edificio 137 en la colonia Paseo de la Pradera.<br \/>Familiares de la v\u00edctima dieron a conocer que desde su desaparici\u00f3n se levant\u00f3 el reporte, se hicieron grupos de personas con brigadas y se inici\u00f3 la b\u00fasqueda entre amigos y lugares aleda\u00f1os para dar con el pronto paradero. <br \/>Fuentes policiacas se\u00f1alaron que al momento del hallazgo, el cuerpo se encontraba amordazado con una corbata, y fue la propia madre del occiso quien se percat\u00f3 del cuerpo, por lo que de inmediato llam\u00f3 a los dem\u00e1s familiares para que fuera reconocido y dieran parte a las autoridades policiacas del descubrimiento. <br \/>La victima de 34 a\u00f1os de edad, respond\u00eda al nombre de Alberto \u201cT\u201d.<br \/>Al lugar acudieron peritos en la materia, quienes ordenaron el levantamiento del cuerpo para ser trasladado al Servicio M\u00e9dico Forense (Semefo) en donde se le practicar\u00e1n las pruebas pertinentes y determinar las causas de muerte. <br \/>La Procuradur\u00eda General de Justicia del Estado de Hidalgo (PGJEH), bajo el mando del procurador Ramiro Lara Salinas, dio a conocer que la dependencia a su cargo ha iniciado las averiguaciones y abierto la carpeta de investigaci\u00f3n en contra de quien o quienes resulten responsables de tal hecho que le propiciara la muerte. <\/p>\n","protected":false},"excerpt":{"rendered":"<p>El occiso se desempe\u00f1aba como Director del Instituto Municipal de la Juventud de Tepeji del Rio en la actual administraci\u00f3n<\/p>\n","protected":false},"author":93,"featured_media":0,"comment_status":"open","ping_status":"open","sticky":false,"template":"","format":"standard","meta":{"footnotes":""},"categories":[37],"tags":[],"class_list":["post-28794","post","type-post","status-publish","format-standard","hentry","category-barandilla"],"_links":{"self":[{"href":"https:\/\/plazajuarez.mx\/historico\/wp-json\/wp\/v2\/posts\/28794","targetHints":{"allow":["GET"]}}],"collection":[{"href":"https:\/\/plazajuarez.mx\/historico\/wp-json\/wp\/v2\/posts"}],"about":[{"href":"https:\/\/plazajuarez.mx\/historico\/wp-json\/wp\/v2\/types\/post"}],"author":[{"embeddable":true,"href":"https:\/\/plazajuarez.mx\/historico\/wp-json\/wp\/v2\/users\/93"}],"replies":[{"embeddable":true,"href":"https:\/\/plazajuarez.mx\/historico\/wp-json\/wp\/v2\/comments?post=28794"}],"version-history":[{"count":0,"href":"https:\/\/plazajuarez.mx\/historico\/wp-json\/wp\/v2\/posts\/28794\/revisions"}],"wp:attachment":[{"href":"https:\/\/plazajuarez.mx\/historico\/wp-json\/wp\/v2\/media?parent=28794"}],"wp:term":[{"taxonomy":"category","embeddable":true,"href":"https:\/\/plazajuarez.mx\/historico\/wp-json\/wp\/v2\/categories?post=28794"},{"taxonomy":"post_tag","embeddable":true,"href":"https:\/\/plazajuarez.mx\/historico\/wp-json\/wp\/v2\/tags?post=28794"}],"curies":[{"name":"wp","href":"https:\/\/api.w.org\/{rel}","templated":true}]}}