{"id":287920,"date":"2023-11-04T07:47:36","date_gmt":"2023-11-04T13:47:36","guid":{"rendered":"https:\/\/plazajuarez.mx\/?p=287920"},"modified":"2023-11-04T07:47:39","modified_gmt":"2023-11-04T13:47:39","slug":"malagon-se-declara-el-portero-mas-chiquito-de-mexico-y-por-eso-no-se-ve-jugando-en-europa","status":"publish","type":"post","link":"https:\/\/plazajuarez.mx\/historico\/malagon-se-declara-el-portero-mas-chiquito-de-mexico-y-por-eso-no-se-ve-jugando-en-europa\/","title":{"rendered":"Malag\u00f3n se declara &#8220;el portero m\u00e1s chiquito&#8221; de M\u00e9xico y por eso no se ve jugando en Europa"},"content":{"rendered":"\n<p>Luis \u00c1ngel Malag\u00f3n, figura entre los tres palos de Am\u00e9rica, el l\u00edder del torneo Apertura mexicano, se describi\u00f3 este viernes como &#8220;el portero m\u00e1s chiquito&#8221; de su pa\u00eds, por su 1.81 metros de estatura, y afirm\u00f3 que por esta caracter\u00edstica no se ve jugando en un club de Europa.<\/p>\n\n\n\n<p>&#8220;Soy muy consciente de lo que tengo. En Europa te piden una cierta estatura y creo que no la tengo. Creo que en M\u00e9xico soy el portero m\u00e1s chiquito: mido 1.81 metros. Pero eso me ha ayudado a superarme a m\u00ed mismo. Puedo con la estatura o con lo que sea&#8221;, matiz\u00f3.<\/p>\n\n\n\n<p>Por su desempe\u00f1o en Am\u00e9rica, Malag\u00f3n, de 26 a\u00f1os, se ha convertido en uno de los habituales convocados para la selecci\u00f3n absoluta por el entrenador Jaime Lozano.<\/p>\n\n\n\n<p>El titular Guillermo Ochoa mide 1.85. Los reservas Julio Gonz\u00e1lez, de Pumas, mide 1.83 metros; y 1.86 metros Antonio Rodr\u00edguez, de Tijuana.<\/p>\n\n\n\n<p>Malag\u00f3n manifest\u00f3 que su prioridad es salir campe\u00f3n con su equipo.<\/p>\n\n\n\n<p>&#8220;Mi cabeza est\u00e1 aqu\u00ed en Am\u00e9rica porque tengo muchas ganas de ser campe\u00f3n y, si alg\u00fan d\u00eda se presenta algo de otro f\u00fatbol, ser\u00e1 bien recibido. Siempre estar\u00e9 abierto a ello, pero antes quiero ser campe\u00f3n&#8221;, puntualiz\u00f3.&nbsp;<\/p>\n","protected":false},"excerpt":{"rendered":"<p>Luis \u00c1ngel Malag\u00f3n, figura entre los tres palos de Am\u00e9rica, el l\u00edder del torneo Apertura mexicano, se describi\u00f3 este viernes como &#8220;el portero m\u00e1s chiquito&#8221; de su pa\u00eds, por su 1.81 metros de estatura, y afirm\u00f3 que por esta caracter\u00edstica no se ve jugando en un club de Europa. &#8220;Soy muy consciente de lo que [&hellip;]<\/p>\n","protected":false},"author":80,"featured_media":287924,"comment_status":"closed","ping_status":"closed","sticky":false,"template":"","format":"standard","meta":{"footnotes":""},"categories":[39],"tags":[],"class_list":["post-287920","post","type-post","status-publish","format-standard","has-post-thumbnail","hentry","category-deportiva"],"_links":{"self":[{"href":"https:\/\/plazajuarez.mx\/historico\/wp-json\/wp\/v2\/posts\/287920","targetHints":{"allow":["GET"]}}],"collection":[{"href":"https:\/\/plazajuarez.mx\/historico\/wp-json\/wp\/v2\/posts"}],"about":[{"href":"https:\/\/plazajuarez.mx\/historico\/wp-json\/wp\/v2\/types\/post"}],"author":[{"embeddable":true,"href":"https:\/\/plazajuarez.mx\/historico\/wp-json\/wp\/v2\/users\/80"}],"replies":[{"embeddable":true,"href":"https:\/\/plazajuarez.mx\/historico\/wp-json\/wp\/v2\/comments?post=287920"}],"version-history":[{"count":0,"href":"https:\/\/plazajuarez.mx\/historico\/wp-json\/wp\/v2\/posts\/287920\/revisions"}],"wp:featuredmedia":[{"embeddable":true,"href":"https:\/\/plazajuarez.mx\/historico\/wp-json\/wp\/v2\/media\/287924"}],"wp:attachment":[{"href":"https:\/\/plazajuarez.mx\/historico\/wp-json\/wp\/v2\/media?parent=287920"}],"wp:term":[{"taxonomy":"category","embeddable":true,"href":"https:\/\/plazajuarez.mx\/historico\/wp-json\/wp\/v2\/categories?post=287920"},{"taxonomy":"post_tag","embeddable":true,"href":"https:\/\/plazajuarez.mx\/historico\/wp-json\/wp\/v2\/tags?post=287920"}],"curies":[{"name":"wp","href":"https:\/\/api.w.org\/{rel}","templated":true}]}}