{"id":287918,"date":"2023-11-04T07:47:29","date_gmt":"2023-11-04T13:47:29","guid":{"rendered":"https:\/\/plazajuarez.mx\/?p=287918"},"modified":"2023-11-04T07:47:31","modified_gmt":"2023-11-04T13:47:31","slug":"boca-y-fluminense-piden-a-sus-aficiones-evitar-nuevos-disturbios-en-la-libertadores","status":"publish","type":"post","link":"https:\/\/plazajuarez.mx\/historico\/boca-y-fluminense-piden-a-sus-aficiones-evitar-nuevos-disturbios-en-la-libertadores\/","title":{"rendered":"Boca y Fluminense piden a sus aficiones evitar nuevos disturbios en la Libertadores"},"content":{"rendered":"\n<p>Boca Juniors y Fluminense, finalistas de la Copa Libertadores, y las federaciones de f\u00fatbol de Brasil y Argentina acordaron este viernes hacer un llamamiento conjunto a los hinchas para evitar nuevos disturbios, como los ocurridos el jueves en R\u00edo de Janeiro.<\/p>\n\n\n\n<p>Este fue el principal acuerdo alcanzado en una reuni\u00f3n celebrada en R\u00edo de Janeiro entre los m\u00e1ximos representantes de los clubes, las federaciones y de la Conmebol, con el objetivo de reforzar la seguridad en la final.<\/p>\n\n\n\n<p>En la reuni\u00f3n, encabezada por el presidente de la Conmebol, Alejandro Dom\u00ednguez, se revisaron los planes de seguridad y los mecanismos de ingreso de los hinchas al estadio, las \u00e1reas asignadas a cada club y los planos y el per\u00edmetro desplegado en torno al estadio Maracan\u00e1.&nbsp;<\/p>\n\n\n\n<p>&#8220;Trat\u00e1ndose de dos clubes con un enorme arrastre popular, se hace indispensable extremar las precauciones para evitar los desbordes y minimizar todo lo posible el contacto entre las hinchadas&#8221;, afirm\u00f3 la Conmebol en un comunicado.<\/p>\n\n\n\n<p>La Polic\u00eda de R\u00edo de Janeiro detuvo a seis hinchas argentinos del Boca Juniors y uno brasile\u00f1o acusados de causar &#8220;lesiones corporales&#8221; durante disturbios registrados el jueves, por la tarde y por la noche, en la playa de Copacabana.<\/p>\n\n\n\n<p>El enfrentamiento comenz\u00f3 cuando seguidores del club carioca atacaron el lugar donde estaban concentrados los hinchas del equipo de Buenos Aires.<\/p>\n\n\n\n<p>En videos que circularon en redes sociales se ve a cientos de seguidores de ambos equipos intercambiando insultos y lanz\u00e1ndose botellas, mientras agentes de polic\u00eda disparan gases lacrim\u00f3genos para dispersarlos.&nbsp;<\/p>\n\n\n\n<p>Tras los incidentes, el gobierno regional anunci\u00f3 que reforzar\u00e1 con 2.400 nuevos agentes la seguridad en el barrio de Copacabana y en el estadio de Maracan\u00e1 donde se celebrar\u00e1 la final este s\u00e1bado, y asegur\u00f3 que ambos equipos ser\u00e1n escoltados en todos sus desplazamientos.<\/p>\n\n\n\n<p>La Conmebol expres\u00f3 el jueves en un comunicado su &#8220;repudio&#8221; a los actos &#8220;de violencia y racismo&#8221; y afirm\u00f3 que el f\u00fatbol deber\u00eda inspirar &#8220;conductas de paz y armon\u00eda&#8221;.<\/p>\n\n\n\n<p>Autoridades consulares calculan que cerca de 100 mil argentinos pueden viajar a la ciudad brasile\u00f1a, la mayor\u00eda de ellos sin entrada.<\/p>\n","protected":false},"excerpt":{"rendered":"<p>Boca Juniors y Fluminense, finalistas de la Copa Libertadores, y las federaciones de f\u00fatbol de Brasil y Argentina acordaron este viernes hacer un llamamiento conjunto a los hinchas para evitar nuevos disturbios, como los ocurridos el jueves en R\u00edo de Janeiro. Este fue el principal acuerdo alcanzado en una reuni\u00f3n celebrada en R\u00edo de Janeiro [&hellip;]<\/p>\n","protected":false},"author":80,"featured_media":287921,"comment_status":"closed","ping_status":"closed","sticky":false,"template":"","format":"standard","meta":{"footnotes":""},"categories":[39],"tags":[],"class_list":["post-287918","post","type-post","status-publish","format-standard","has-post-thumbnail","hentry","category-deportiva"],"_links":{"self":[{"href":"https:\/\/plazajuarez.mx\/historico\/wp-json\/wp\/v2\/posts\/287918","targetHints":{"allow":["GET"]}}],"collection":[{"href":"https:\/\/plazajuarez.mx\/historico\/wp-json\/wp\/v2\/posts"}],"about":[{"href":"https:\/\/plazajuarez.mx\/historico\/wp-json\/wp\/v2\/types\/post"}],"author":[{"embeddable":true,"href":"https:\/\/plazajuarez.mx\/historico\/wp-json\/wp\/v2\/users\/80"}],"replies":[{"embeddable":true,"href":"https:\/\/plazajuarez.mx\/historico\/wp-json\/wp\/v2\/comments?post=287918"}],"version-history":[{"count":0,"href":"https:\/\/plazajuarez.mx\/historico\/wp-json\/wp\/v2\/posts\/287918\/revisions"}],"wp:featuredmedia":[{"embeddable":true,"href":"https:\/\/plazajuarez.mx\/historico\/wp-json\/wp\/v2\/media\/287921"}],"wp:attachment":[{"href":"https:\/\/plazajuarez.mx\/historico\/wp-json\/wp\/v2\/media?parent=287918"}],"wp:term":[{"taxonomy":"category","embeddable":true,"href":"https:\/\/plazajuarez.mx\/historico\/wp-json\/wp\/v2\/categories?post=287918"},{"taxonomy":"post_tag","embeddable":true,"href":"https:\/\/plazajuarez.mx\/historico\/wp-json\/wp\/v2\/tags?post=287918"}],"curies":[{"name":"wp","href":"https:\/\/api.w.org\/{rel}","templated":true}]}}