{"id":287909,"date":"2023-11-04T06:52:10","date_gmt":"2023-11-04T12:52:10","guid":{"rendered":"https:\/\/plazajuarez.mx\/?p=287909"},"modified":"2023-11-04T06:52:11","modified_gmt":"2023-11-04T12:52:11","slug":"las-confesiones-de-moretti","status":"publish","type":"post","link":"https:\/\/plazajuarez.mx\/historico\/las-confesiones-de-moretti\/","title":{"rendered":"Las confesiones de Moretti"},"content":{"rendered":"\n<h2 class=\"wp-block-heading\">CINE DE MA\u00d1ANA<\/h2>\n\n\n\n<p>El director italiano Nani Moretti se ha convertido en uno de los habituales de la Muestra, donde se han exhibido cintas suyas como <em>Abril<\/em> y <em>Mi madre<\/em>.<\/p>\n\n\n\n<p>El septuagenario realizador forma parte de la LXXIV Muestra con <em>Lo mejor est\u00e1 por venir<\/em>, uno de sus filmes m\u00e1s personales.<\/p>\n\n\n\n<p>De acuerdo al guion, realizado en colaboraci\u00f3n con Franceca Marciano y Federica Pontremoli, el veterano realizador Giovanni (el propio Moretti) pretende filmar una cinta sobre la posici\u00f3n del Partido Comunista respecto a la invasi\u00f3n sovi\u00e9tica a Hungr\u00eda en 1956.<\/p>\n\n\n\n<p>Sin embargo debe enfrentarse a innumerables problemas, la falta de recursos cuando su productor Pierre Cambou (Mathieu Amalric) es detenido, sus actores Ennio (Silvio Orlando) y Vera (Barbora Bobulova) cuestionan el guion, y hasta personales, pues su esposa Paola (Margherita Buy) piensa abandonarlo luego de 40 a\u00f1os.&nbsp;<\/p>\n\n\n\n<p>Moretti reflexiona acerca del cine plagado de violencia y controlado por plataformas \u201cque se ven en 190 pa\u00edses\u201d y se confiesa un rom\u00e1ntico del s\u00e9ptimo arte, que rinde homenaje a Fellini y<em> La dolce vita<\/em>, o pide consejo a Martin Scorsese.<\/p>\n\n\n\n<p><em>Il sol dell\u2019avvenire<\/em> obtuvo un list\u00f3n de plata de los periodistas italianos y es un bello y esperanzador filme que ser\u00e1 del agrado de todos los cin\u00e9filos.&nbsp;&nbsp;&nbsp;&nbsp;&nbsp;<\/p>\n","protected":false},"excerpt":{"rendered":"<p>CINE DE MA\u00d1ANA El director italiano Nani Moretti se ha convertido en uno de los habituales de la Muestra, donde se han exhibido cintas suyas como Abril y Mi madre. El septuagenario realizador forma parte de la LXXIV Muestra con Lo mejor est\u00e1 por venir, uno de sus filmes m\u00e1s personales. De acuerdo al guion, [&hellip;]<\/p>\n","protected":false},"author":96,"featured_media":287914,"comment_status":"closed","ping_status":"closed","sticky":false,"template":"","format":"standard","meta":{"footnotes":""},"categories":[41,54,42],"tags":[],"class_list":["post-287909","post","type-post","status-publish","format-standard","has-post-thumbnail","hentry","category-arteria-cultural","category-jorge-carrasco","category-nuestrapalabra"],"_links":{"self":[{"href":"https:\/\/plazajuarez.mx\/historico\/wp-json\/wp\/v2\/posts\/287909","targetHints":{"allow":["GET"]}}],"collection":[{"href":"https:\/\/plazajuarez.mx\/historico\/wp-json\/wp\/v2\/posts"}],"about":[{"href":"https:\/\/plazajuarez.mx\/historico\/wp-json\/wp\/v2\/types\/post"}],"author":[{"embeddable":true,"href":"https:\/\/plazajuarez.mx\/historico\/wp-json\/wp\/v2\/users\/96"}],"replies":[{"embeddable":true,"href":"https:\/\/plazajuarez.mx\/historico\/wp-json\/wp\/v2\/comments?post=287909"}],"version-history":[{"count":0,"href":"https:\/\/plazajuarez.mx\/historico\/wp-json\/wp\/v2\/posts\/287909\/revisions"}],"wp:featuredmedia":[{"embeddable":true,"href":"https:\/\/plazajuarez.mx\/historico\/wp-json\/wp\/v2\/media\/287914"}],"wp:attachment":[{"href":"https:\/\/plazajuarez.mx\/historico\/wp-json\/wp\/v2\/media?parent=287909"}],"wp:term":[{"taxonomy":"category","embeddable":true,"href":"https:\/\/plazajuarez.mx\/historico\/wp-json\/wp\/v2\/categories?post=287909"},{"taxonomy":"post_tag","embeddable":true,"href":"https:\/\/plazajuarez.mx\/historico\/wp-json\/wp\/v2\/tags?post=287909"}],"curies":[{"name":"wp","href":"https:\/\/api.w.org\/{rel}","templated":true}]}}