{"id":287903,"date":"2023-11-03T18:54:38","date_gmt":"2023-11-04T00:54:38","guid":{"rendered":"https:\/\/plazajuarez.mx\/?p=287903"},"modified":"2023-11-03T18:54:40","modified_gmt":"2023-11-04T00:54:40","slug":"feid-y-manuel-turizo-se-imponen-en-los-40-music-awards-santander-con-tres-premios-cada-uno","status":"publish","type":"post","link":"https:\/\/plazajuarez.mx\/historico\/feid-y-manuel-turizo-se-imponen-en-los-40-music-awards-santander-con-tres-premios-cada-uno\/","title":{"rendered":"Feid y Manuel Turizo se imponen en los 40 Music Awards Santander con tres premios cada uno"},"content":{"rendered":"\n<p>El cantante Feid se ha impuesto en la gala de los 40 Music Awards Santander 2023, que ha tenido lugar este viernes en el Wizink Center de Madrid, donde ha logrado tres de los seis galardones a los que estaba nominado en estos premios dedicados a los artistas m\u00e1s destacados de la m\u00fasica nacional e internacional.<\/p>\n\n\n\n<p>Asimismo, otro de los grandes premiados ha sido Manuel Turizo, tras recibir los premios a mejor \u00e1lbum, as\u00ed como a mejor festival, gira o concierto, y mejor canci\u00f3n latina con \u2018El merengue\u2019, todos en la categor\u00eda global latina, materializando as\u00ed tres de sus seis candidaturas.<\/p>\n\n\n\n<p>Por otro lado, Young Miko, adem\u00e1s de lograr el premio a mejor artista o grupo revelaci\u00f3n categor\u00eda Global Latina, tambi\u00e9n ha subido al escenario a recoger el galard\u00f3n a mejor canci\u00f3n urbana que lo ha ganado el tema \u2018Classy 101\u2019, junto a Feid, que ha sido uno de los reyes de la noche al lograr tambi\u00e9n los premios a mejor artista o productor urbano y a mejor colaboraci\u00f3n urbana por \u2018Hey Mor\u2019, junto a Ozuna.<\/p>\n\n\n\n<p>&#8220;Me da un poquito de pudor recibir este premio con los otros artistas que estaban nominados, que yo admiro y que si hubiera podido yo votar hubiera votado por todos\u201d, ha se\u00f1alado Camilo al subir al escenario, adem\u00e1s de para actuar, para recoger el galard\u00f3n a mejor artista o grupo latino.<\/p>\n\n\n\n<p>Asimismo, en esta categor\u00eda, el mejor artista o grupo en directo ha sido Duki, mientras que la mejor colaboraci\u00f3n latina ha sido concedida a Emilia y Ludmilla, y el mejor videoclip a \u2018Coraz\u00f3n vac\u00edo\u2019 de Mar\u00eda Becerra, quien ha recordado sus inicios grabando en la calle con poco presupuesto.<\/p>\n\n\n\n<p>Otra de las grandes esperadas de la noche ha sido Aitana, quien ha subido al escenario con un cambio total de look para recibir el galard\u00f3n a mejor videoclip en la categor\u00eda Espa\u00f1a por \u2018Las Babies\u2019 y a mejor \u00e1lbum por \u2018alpha\u2019.<\/p>\n\n\n\n<p>\u201cEsto es un sue\u00f1o, desde que montaba coreograf\u00edas en la plaza del pueblo\u201d, ha destacado recordando su ni\u00f1ez Lola Indigo, una de las favoritas de la noche con hasta cinco nominaciones, al recoger el primer premio de la gala a mejor gira en la categor\u00eda Espa\u00f1a, por \u2019Drag\u00f3n Tour\u2019.<\/p>\n\n\n\n<p>En la categor\u00eda Espa\u00f1a, \u2018Todo contigo\u2019 de \u00c1lvaro de Luna ha sido la ganadora a mejor canci\u00f3n, David Bisbal el mejor artista o grupo en directo, Saiko mejor artista revelaci\u00f3n urbano, mientras que el ausente Quevedo ha sido el mejor artista o grupo urbano.<\/p>\n\n\n\n<p>En esta misma categor\u00eda, entre los premios m\u00e1s esperados, Depol ha sido considerado como el mejor artista o grupo del 40 al 1, Vicco como la mejor artista o grupo revelaci\u00f3n, mientras que Ana Mena se ha llevado el premio a mejor artista o grupo global.<\/p>\n\n\n\n<p>El cantante Abraham Mateo ha sido otro de los protagonistas de la noche, ya que adem\u00e1s de acercar los a\u00f1os ochenta al p\u00fablico con su tema &#8216;Maniaca&#8217;, ha recibido el premio a mejor colaboraci\u00f3n por \u2018Clava\u00edto\u2019, tema interpretado junto a Chanel.<\/p>\n\n\n\n<p>GOLDEN MUSIC AWARDS<\/p>\n\n\n\n<p>El Wicink Center ha viajado tambi\u00e9n en el tiempo gracias a Take That, la emblem\u00e1tica boy-band brit\u00e1nica que ha desatado la fiebre noventera con dos temas, \u2018Windows\u2019 y \u2018Patience\u2019, antes de recoger el Golden Music Awards.<\/p>\n\n\n\n<p>Este mismo premio tambi\u00e9n ha sido otorgado a Ozuna, en reconocimiento a su trayectoria como referente de superaci\u00f3n y motivaci\u00f3n para los m\u00e1s j\u00f3venes, as\u00ed como a Shakira, a pesar de no haber podido asistir a la gala.<\/p>\n\n\n\n<p>CATEGOR\u00cdA INTERNACIONAL<\/p>\n\n\n\n<p>Sin embargo, tambi\u00e9n se han podido ver alguno que otro lapsus por parte de los presentadores a la hora de dar a conocer los ganadores de la categor\u00eda internacional, aunque finalmente se ha nombrado a Dua Lipa como mejor artista o grupo y a Taylor Swift con mejor \u00e1lbum con \u2018Midnights\u2019, a pesar del descuido inicial.<\/p>\n\n\n\n<p>Asimismo, en esta misma categor\u00eda, la ganadora de la edici\u00f3n de este a\u00f1o de Eurovisi\u00f3n, Loreen, ha logrado el premio a mejor artista o grupo, mientras que Tom Odell ha recogido el premio a mejor artista o grupo en directo.<\/p>\n","protected":false},"excerpt":{"rendered":"<p>El cantante Feid se ha impuesto en la gala de los 40 Music Awards Santander 2023, que ha tenido lugar este viernes en el Wizink Center de Madrid, donde ha logrado tres de los seis galardones a los que estaba nominado en estos premios dedicados a los artistas m\u00e1s destacados de la m\u00fasica nacional e [&hellip;]<\/p>\n","protected":false},"author":80,"featured_media":287904,"comment_status":"closed","ping_status":"closed","sticky":false,"template":"","format":"standard","meta":{"footnotes":""},"categories":[38],"tags":[],"class_list":["post-287903","post","type-post","status-publish","format-standard","has-post-thumbnail","hentry","category-show"],"_links":{"self":[{"href":"https:\/\/plazajuarez.mx\/historico\/wp-json\/wp\/v2\/posts\/287903","targetHints":{"allow":["GET"]}}],"collection":[{"href":"https:\/\/plazajuarez.mx\/historico\/wp-json\/wp\/v2\/posts"}],"about":[{"href":"https:\/\/plazajuarez.mx\/historico\/wp-json\/wp\/v2\/types\/post"}],"author":[{"embeddable":true,"href":"https:\/\/plazajuarez.mx\/historico\/wp-json\/wp\/v2\/users\/80"}],"replies":[{"embeddable":true,"href":"https:\/\/plazajuarez.mx\/historico\/wp-json\/wp\/v2\/comments?post=287903"}],"version-history":[{"count":0,"href":"https:\/\/plazajuarez.mx\/historico\/wp-json\/wp\/v2\/posts\/287903\/revisions"}],"wp:featuredmedia":[{"embeddable":true,"href":"https:\/\/plazajuarez.mx\/historico\/wp-json\/wp\/v2\/media\/287904"}],"wp:attachment":[{"href":"https:\/\/plazajuarez.mx\/historico\/wp-json\/wp\/v2\/media?parent=287903"}],"wp:term":[{"taxonomy":"category","embeddable":true,"href":"https:\/\/plazajuarez.mx\/historico\/wp-json\/wp\/v2\/categories?post=287903"},{"taxonomy":"post_tag","embeddable":true,"href":"https:\/\/plazajuarez.mx\/historico\/wp-json\/wp\/v2\/tags?post=287903"}],"curies":[{"name":"wp","href":"https:\/\/api.w.org\/{rel}","templated":true}]}}