{"id":287891,"date":"2023-11-03T16:48:48","date_gmt":"2023-11-03T22:48:48","guid":{"rendered":"https:\/\/plazajuarez.mx\/?p=287891"},"modified":"2023-11-03T16:48:50","modified_gmt":"2023-11-03T22:48:50","slug":"mexico-mantiene-tianguis-turistico-2024-en-acapulco-pese-a-impacto-de-otis","status":"publish","type":"post","link":"https:\/\/plazajuarez.mx\/historico\/mexico-mantiene-tianguis-turistico-2024-en-acapulco-pese-a-impacto-de-otis\/","title":{"rendered":"M\u00e9xico mantiene tianguis tur\u00edstico 2024 en Acapulco pese a impacto de Otis"},"content":{"rendered":"\n<p class=\"wp-block-paragraph\">El Gobierno mexicano decidi\u00f3 mantener a Acapulco como sede del pr\u00f3ximo Tianguis Tur\u00edstico, el evento m\u00e1s importante del sector terciario en Latinoam\u00e9rica, mientras su poblaci\u00f3n e infraestructura se recupera a 10 d\u00edas del azote del hurac\u00e1n Otis.<\/p>\n\n\n\n<p class=\"wp-block-paragraph\">\u201cEl Tianguis Tur\u00edstico 2024 se queda en Acapulco. Gracias al trabajo de los tres \u00f3rdenes de Gobierno y al compromiso del sector tur\u00edstico\u201d, inform\u00f3 este viernes Miguel Torruco, secretario de Turismo de M\u00e9xico, en la red social X.<\/p>\n\n\n\n<p class=\"wp-block-paragraph\">Tras el golpe de Otis, como categor\u00eda 5, el pasado 25 de octubre, y que ha dejado un saldo de 47 personas fallecidas y 56 no localizadas, las autoridades decidieron evaluar nuevamente la sede de la pr\u00f3xima edici\u00f3n de este evento.<\/p>\n\n\n\n<p class=\"wp-block-paragraph\">Esto debido, principalmente, a los da\u00f1os que present\u00f3 el 65 % de la costa del estado de Guerrero afectando a casi 3 millones de mexicanos, y a al menos 80 de los hoteles y negocios relacionados con el turismo, adem\u00e1s de da\u00f1os en m\u00e1s del 90 % de las viviendas y afectaciones a los servicios p\u00fablicos.<\/p>\n\n\n\n<p class=\"wp-block-paragraph\">Sin embargo, Torruco dio a conocer que el Tianguis Tur\u00edstico 2024 se llevar\u00e1 a cabo del 8 al 12 de abril en Acapulco, hist\u00f3rica sede del evento, unos d\u00edas posteriores a la edici\u00f3n de este a\u00f1o, que se realiz\u00f3 del 26 al 29 de marzo.<\/p>\n\n\n\n<p class=\"wp-block-paragraph\">El presidente de la Confederaci\u00f3n de C\u00e1maras Nacionales de Comercio, Servicios y Turismo (Concanaco Servytur), H\u00e9ctor Tejada, celebr\u00f3 esta decisi\u00f3n y enfatiz\u00f3 que esta determinaci\u00f3n subraya la importancia de este ic\u00f3nico destino tur\u00edstico en M\u00e9xico y el mundo.<\/p>\n\n\n\n<p class=\"wp-block-paragraph\">\u201cRepresenta un voto de confianza en el destino tur\u00edstico y su capacidad para albergar eventos de importancia nacional e internacional, despu\u00e9s de la devastaci\u00f3n causada por el hurac\u00e1n Otis\u201d, afirm\u00f3.<\/p>\n\n\n\n<p class=\"wp-block-paragraph\">Tejada tambi\u00e9n confi\u00f3 en que la celebraci\u00f3n del Tianguis Tur\u00edstico obligar\u00e1 y acelerar\u00e1 la recuperaci\u00f3n, as\u00ed como el restablecimiento de servicios, como alojamiento, restaurantes, prestadores de servicios tur\u00edsticos, transporte, ente otros.<\/p>\n\n\n\n<p class=\"wp-block-paragraph\">En su edici\u00f3n 2023, el Tianguis Tur\u00edstico cerr\u00f3 con cifras r\u00e9cord tras celebrarse por primera vez en Ciudad de M\u00e9xico, dejando un m\u00ednimo de ventas por m\u00e1s de 68 millones de d\u00f3lares, un 87 % m\u00e1s comparado con la edici\u00f3n de 2022; aunque solo incluy\u00f3 lo generado por el 23 % de las empresas que asistieron al evento.<\/p>\n\n\n\n<p class=\"wp-block-paragraph\">Tambi\u00e9n registr\u00f3 el incremento anual del 36 % en el n\u00famero de citas de negocio generadas.<\/p>\n\n\n\n<h2 class=\"wp-block-heading\"><strong>&nbsp;No llegar\u00e1 recuperaci\u00f3n en navidad<\/strong><\/h2>\n\n\n\n<p class=\"wp-block-paragraph\">El presidente de M\u00e9xico, Andr\u00e9s Manuel L\u00f3pez Obrador, ha prometido &#8220;poner de pie&#8221; a Acapulco para navidad, al descartar el pron\u00f3stico de las c\u00e1maras empresariales, que han advertido de un plazo de dos a\u00f1os para la reconstrucci\u00f3n y un costo de hasta 17.000 millones de d\u00f3lares, mientras impulsa apoyos por m\u00e1s de 3.400 millones de d\u00f3lares.<\/p>\n\n\n\n<p class=\"wp-block-paragraph\">Carrera, un hojalatero de profesi\u00f3n, dijo a EFE que no espera que los recursos anunciados por el Gobierno mexicano alcancen para la recuperaci\u00f3n de Acapulco, pues enfatiz\u00f3 que la mayor\u00eda de los habitantes de estas zonas perdieron todo.<\/p>\n\n\n\n<p class=\"wp-block-paragraph\">&#8220;En realidad necesitamos el apoyo del Gobierno, pero ese dinero pienso que no va a alcanzar\u201d, expres\u00f3, mientras estim\u00f3 que la recuperaci\u00f3n para diciembre podr\u00eda alcanzar un 70 % por m\u00e1ximo.<\/p>\n\n\n\n<p class=\"wp-block-paragraph\">La mexicana Leticia Wences critic\u00f3 la falta de presencia de las autoridades locales y estatales y lament\u00f3 que miles de mexicanos en la zona costera de Guerrero hayan perdido sus viviendas, qued\u00e1ndose en la calle, y negocios, dejando sin sustento a familias enteras.<\/p>\n\n\n\n<p class=\"wp-block-paragraph\">\u201cEst\u00e1 mal todo, no creo que de aqu\u00ed a diciembre todo esto se arregle. Aqu\u00ed entre los vecinos nos cooperamos para sacar basura, aqu\u00ed no hemos visto ning\u00fan Gobierno (\u2026) nos ponemos a cuidar, a velar en las noches porque se meten a las casas a asaltar y todos tenemos miedo por nuestros hijos\u201d, concluy\u00f3.<\/p>\n","protected":false},"excerpt":{"rendered":"<p>El Gobierno mexicano decidi\u00f3 mantener a Acapulco como sede del pr\u00f3ximo Tianguis Tur\u00edstico, el evento m\u00e1s importante del sector terciario en Latinoam\u00e9rica, mientras su poblaci\u00f3n e infraestructura se recupera a 10 d\u00edas del azote del hurac\u00e1n Otis. \u201cEl Tianguis Tur\u00edstico 2024 se queda en Acapulco. Gracias al trabajo de los tres \u00f3rdenes de Gobierno y [&hellip;]<\/p>\n","protected":false},"author":80,"featured_media":287892,"comment_status":"closed","ping_status":"closed","sticky":false,"template":"","format":"standard","meta":{"footnotes":""},"categories":[15,36],"tags":[],"class_list":["post-287891","post","type-post","status-publish","format-standard","has-post-thumbnail","hentry","category-destacadas","category-nacion"],"_links":{"self":[{"href":"https:\/\/plazajuarez.mx\/historico\/wp-json\/wp\/v2\/posts\/287891","targetHints":{"allow":["GET"]}}],"collection":[{"href":"https:\/\/plazajuarez.mx\/historico\/wp-json\/wp\/v2\/posts"}],"about":[{"href":"https:\/\/plazajuarez.mx\/historico\/wp-json\/wp\/v2\/types\/post"}],"author":[{"embeddable":true,"href":"https:\/\/plazajuarez.mx\/historico\/wp-json\/wp\/v2\/users\/80"}],"replies":[{"embeddable":true,"href":"https:\/\/plazajuarez.mx\/historico\/wp-json\/wp\/v2\/comments?post=287891"}],"version-history":[{"count":0,"href":"https:\/\/plazajuarez.mx\/historico\/wp-json\/wp\/v2\/posts\/287891\/revisions"}],"wp:featuredmedia":[{"embeddable":true,"href":"https:\/\/plazajuarez.mx\/historico\/wp-json\/wp\/v2\/media\/287892"}],"wp:attachment":[{"href":"https:\/\/plazajuarez.mx\/historico\/wp-json\/wp\/v2\/media?parent=287891"}],"wp:term":[{"taxonomy":"category","embeddable":true,"href":"https:\/\/plazajuarez.mx\/historico\/wp-json\/wp\/v2\/categories?post=287891"},{"taxonomy":"post_tag","embeddable":true,"href":"https:\/\/plazajuarez.mx\/historico\/wp-json\/wp\/v2\/tags?post=287891"}],"curies":[{"name":"wp","href":"https:\/\/api.w.org\/{rel}","templated":true}]}}