{"id":287759,"date":"2023-11-02T17:44:29","date_gmt":"2023-11-02T23:44:29","guid":{"rendered":"https:\/\/plazajuarez.mx\/?p=287759"},"modified":"2023-11-02T17:44:32","modified_gmt":"2023-11-02T23:44:32","slug":"sin-misa-en-los-cementerios-los-nicaraguenses-recuerdan-a-sus-muertos","status":"publish","type":"post","link":"https:\/\/plazajuarez.mx\/historico\/sin-misa-en-los-cementerios-los-nicaraguenses-recuerdan-a-sus-muertos\/","title":{"rendered":"Sin misa en los cementerios, los nicarag\u00fcenses recuerdan a sus muertos"},"content":{"rendered":"\n<p>Sin misas en los cementerios debido a que presuntamente fueron prohibidas por la Polic\u00eda de Nicaragua, miles de nicarag\u00fcenses acudieron este jueves con flores, coronas y m\u00fasicas a los diferentes cementerios del pa\u00eds para conmemorar el D\u00eda de los Muertos.<\/p>\n\n\n\n<p>Tradicionalmente los sacerdotes asist\u00edan a algunos camposantos de los 153 municipios nicarag\u00fcenses en donde oficiaban misa por los muertos y a petici\u00f3n de los fieles cat\u00f3licos se acercaban a las tumbas para rezar por algunos difuntos.<\/p>\n\n\n\n<p>El cardenal nicarag\u00fcense y arzobispo de la capital, Leopoldo Brenes, oficiaba una misa en el cementerio general en Managua, sin embargo esta vez fue notoria su ausencia, seg\u00fan constat\u00f3 EFE.<\/p>\n\n\n\n<h2 class=\"wp-block-heading\"><strong>\u00bfSacerdotes fueron amenazados con c\u00e1rcel?<\/strong><\/h2>\n\n\n\n<p>La investigadora nicarag\u00fcense exiliada Martha Patricia Molina, autora del estudio titulado &#8220;Nicaragua: \u00bfUna Iglesia perseguida?&#8221; y que da seguimiento a la situaci\u00f3n de los sacerdotes en el pa\u00eds centroamericano, asegur\u00f3 que los religiosos fueron visitados en la v\u00edspera por agentes policiales quienes les advirtieron que no pod\u00edan realizar misas en los cementerios.<\/p>\n\n\n\n<p>&#8220;El mensaje que dejaron fue que ninguno ten\u00eda permiso para celebrar misa en cualquier cementerio del pa\u00eds, sea p\u00fablico o privado, sino habr\u00edan consecuencias de alteraci\u00f3n al orden p\u00fablico y posterior encarcelamiento\u201d, dijo Molina en un mensaje a trav\u00e9s de su cuenta de la red social X (antes Twitter).<\/p>\n\n\n\n<p>Esa informaci\u00f3n fue confirmada por el sacerdote nicarag\u00fcense exiliado Uriel Vallejos, quien a trav\u00e9s de un mensaje afirm\u00f3 que &#8220;en muchas parroquias de Nicaragua, los p\u00e1rrocos fueron visitados por la polic\u00eda sandinista, recibiendo la notificaci\u00f3n que tienen determinantemente prohibido los actos lit\u00fargicos en el d\u00eda de la conmemoraci\u00f3n de los fieles difuntos en los cementerios\u201d.<\/p>\n\n\n\n<p>La di\u00f3cesis nicarag\u00fcense de Le\u00f3n y Chinandega (noroeste), a cargo del obispo Socrates Ren\u00e9 Sandigo, hab\u00eda anunciado a trav\u00e9s de sus redes sociales que conmemorar\u00edan a los fieles difuntos en el cementerio Guadalupe con un santo rosario y una eucarist\u00eda, y el afiche fue retirado de la p\u00e1gina despu\u00e9s.<\/p>\n\n\n\n<p>La Conferencia Episcopal de Nicaragua no se ha pronunciado de forma oficial sobre la prohibici\u00f3n de las misas en los camposantos.<\/p>\n\n\n\n<p>La Polic\u00eda Nacional, que dirige Francisco D\u00edaz, consuegro del presidente Daniel Ortega y la esposa de \u00e9ste, la vicepresidenta Rosario Murillo, tampoco ha confirmado ni negado que ordenaron prohibir las misas en los cementerios.<\/p>\n\n\n\n<p>El pasado 19 de octubre, el exiliado obispo auxiliar de la Arquidi\u00f3cesis de Managua, Silvio B\u00e1ez, dijo que las autoridades de su pa\u00eds &#8220;quisieran ver a la Iglesia encerrada&#8221;, y que por esa raz\u00f3n encarcelan y destierran a los eclesi\u00e1sticos, y proh\u00edben las procesiones.<\/p>\n\n\n\n<p>El presidente Ortega ha calificado como una \u201cmafia\u201d a la Iglesia, y ha declarado interrumpidas las relaciones con el Vaticano.<\/p>\n\n\n\n<h2 class=\"wp-block-heading\"><strong>Familias acuden a los camposantos con flores y coronas<\/strong><\/h2>\n\n\n\n<p>Este jueves, D\u00eda de los Muertos, familias completas acudieron a los camposantos de Nicaragua para depositar flores sobre las tumbas, en coloridos ramilletes, coronas u otros recuerdos.<\/p>\n\n\n\n<p>En algunos casos los nicarag\u00fcenses se hicieron acompa\u00f1ar de m\u00fasicos, donde adem\u00e1s de la comida, degustaron del bu\u00f1uelo y de la sopa borracha, dulces empalagosos que consumieron al pie de las tumbas de sus seres queridos.<\/p>\n\n\n\n<p>Los camposantos de Managua recibieron a los deudos que llegaban de manera concurrida a enflorar y limpiar las tumbas, sin embargo la mayor afluencia la tuvo el cementerio general, el m\u00e1s grande de la capital, donde reposan los restos de figuras reconocidas de Nicaragua.<\/p>\n\n\n\n<p>La gente com\u00eda alrededor de las tumbas y compart\u00eda un momento de reuni\u00f3n familiar, otros oraban o rezaban, se tomaban selfies, mientras se realizaba la limpieza de la zona.<\/p>\n\n\n\n<p>Las l\u00e1pidas y altares fueron decorados con velas, fotograf\u00edas, y en ocasiones, serenata de mariachis.<\/p>\n\n\n\n<p>En todos los cementerios de la capital hubo mucho presencia y control policial, seg\u00fan constat\u00f3 EFE durante un recorrido.<\/p>\n\n\n\n<p>Afuera de los cementerios, cientos de personas aprovecharon para ofertar flores y adornos, lo que provoc\u00f3 que se convirtiera en un peque\u00f1o mercado provisional.<\/p>\n","protected":false},"excerpt":{"rendered":"<p>Sin misas en los cementerios debido a que presuntamente fueron prohibidas por la Polic\u00eda de Nicaragua, miles de nicarag\u00fcenses acudieron este jueves con flores, coronas y m\u00fasicas a los diferentes cementerios del pa\u00eds para conmemorar el D\u00eda de los Muertos. Tradicionalmente los sacerdotes asist\u00edan a algunos camposantos de los 153 municipios nicarag\u00fcenses en donde oficiaban [&hellip;]<\/p>\n","protected":false},"author":80,"featured_media":287760,"comment_status":"closed","ping_status":"closed","sticky":false,"template":"","format":"standard","meta":{"footnotes":""},"categories":[31],"tags":[],"class_list":["post-287759","post","type-post","status-publish","format-standard","has-post-thumbnail","hentry","category-orbe"],"_links":{"self":[{"href":"https:\/\/plazajuarez.mx\/historico\/wp-json\/wp\/v2\/posts\/287759","targetHints":{"allow":["GET"]}}],"collection":[{"href":"https:\/\/plazajuarez.mx\/historico\/wp-json\/wp\/v2\/posts"}],"about":[{"href":"https:\/\/plazajuarez.mx\/historico\/wp-json\/wp\/v2\/types\/post"}],"author":[{"embeddable":true,"href":"https:\/\/plazajuarez.mx\/historico\/wp-json\/wp\/v2\/users\/80"}],"replies":[{"embeddable":true,"href":"https:\/\/plazajuarez.mx\/historico\/wp-json\/wp\/v2\/comments?post=287759"}],"version-history":[{"count":0,"href":"https:\/\/plazajuarez.mx\/historico\/wp-json\/wp\/v2\/posts\/287759\/revisions"}],"wp:featuredmedia":[{"embeddable":true,"href":"https:\/\/plazajuarez.mx\/historico\/wp-json\/wp\/v2\/media\/287760"}],"wp:attachment":[{"href":"https:\/\/plazajuarez.mx\/historico\/wp-json\/wp\/v2\/media?parent=287759"}],"wp:term":[{"taxonomy":"category","embeddable":true,"href":"https:\/\/plazajuarez.mx\/historico\/wp-json\/wp\/v2\/categories?post=287759"},{"taxonomy":"post_tag","embeddable":true,"href":"https:\/\/plazajuarez.mx\/historico\/wp-json\/wp\/v2\/tags?post=287759"}],"curies":[{"name":"wp","href":"https:\/\/api.w.org\/{rel}","templated":true}]}}