{"id":287753,"date":"2023-11-02T17:23:38","date_gmt":"2023-11-02T23:23:38","guid":{"rendered":"https:\/\/plazajuarez.mx\/?p=287753"},"modified":"2023-11-02T17:23:41","modified_gmt":"2023-11-02T23:23:41","slug":"los-zombies-se-toman-el-centro-de-sao-paulo","status":"publish","type":"post","link":"https:\/\/plazajuarez.mx\/historico\/los-zombies-se-toman-el-centro-de-sao-paulo\/","title":{"rendered":"Los &#8220;zombies&#8221; se toman el centro de S\u00e3o Paulo"},"content":{"rendered":"\n<p>Centenares de personas disfrazadas de &#8220;zombies&#8221; y otros personajes siniestros se tomaron la plaza Roosevelt, ubicada en el coraz\u00f3n de S\u00e3o Paulo, para celebrar el D\u00eda de los Muertos, festivo nacional en Brasil.<\/p>\n\n\n\n<p>Desde muertos vivientes tradicionales hasta otros conceptos m\u00e1s originales, como resucitados ochenteros en patines o una Frida Khalo de ultratumba, se dieron cita en la &#8220;Zombie Walk&#8221;.<\/p>\n\n\n\n<p>Este desfile se celebra desde 2006 y es un evento abierto a cualquier persona que quiera disfrazarse y acudir a la concentraci\u00f3n o simplemente acercarse a ojear un ambiente muy variopinto.<\/p>\n\n\n\n<p>Rodrigo L\u00f3pez y Rodrigo Alexandre son dos profesores de educaci\u00f3n infantil que acuden a este encuentro desde hace a\u00f1os.<\/p>\n\n\n\n<p>Uno lleva un disfraz que hace ver que carga con la parte inferior de un cuerpo y el otro la parte superior.<\/p>\n\n\n\n<p>\u201cNos gusta la cuesti\u00f3n l\u00fadica de salir de la realidad y hacer algo divertido para alejarse de los problemas y una realidad que no es tan amena\u201d, revela L\u00f3pez.<\/p>\n\n\n\n<p>En la edici\u00f3n de este a\u00f1o, que ha sido la segunda celebrada despu\u00e9s de la pandemia, acudieron personas caracterizadas con disfraces hiperrealistas.<\/p>\n\n\n\n<p>Mucho l\u00e1tex, sangre falsa y hasta vodka mezclado con colorante fueron los recursos utilizados para preparar las \u201cfantas\u00edas\u201d (palabra portuguesa para disfraz) en algunos casos con elementos tan cotidianos como peri\u00f3dicos viejos y maquillaje.<\/p>\n\n\n\n<p>Sin embargo, hay otros, como el caso de un equipo de jugadores de &#8220;Resident Evil&#8221;, que llevan diez a\u00f1os acudiendo con sus &#8220;cosplays&#8221; de militares que asesinan &#8220;zombies&#8221; infectados, mejor\u00e1ndolos a\u00f1o tras a\u00f1o.<\/p>\n\n\n\n<p>Para Dave Mattos, un joven con un maquillaje de demonio muy trabajado, lo mejor de este encuentro es que \u201ces totalmente diverso e inclusivo\u201d.<\/p>\n\n\n\n<p>El ambiente es familiar y, tal y como explica Mattos, \u201chay personas de todos los g\u00e9neros, edades y culturas\u201d.<\/p>\n\n\n\n<p>Cheetara Doll lleva un atuendo blanco con una corona de plumas. Ella explica que la tradici\u00f3n en S\u00e3o Paulo es que todo el mundo vaya vestido de &#8220;zombie&#8221;, pero ella no cree que cuando muera vaya a volver as\u00ed. \u201cCreo que me voy a iluminar y por eso vine vestida as\u00ed\u201d, sonr\u00ede, \u201csiempre hay luz al final del t\u00fanel\u201d.<\/p>\n","protected":false},"excerpt":{"rendered":"<p>Centenares de personas disfrazadas de &#8220;zombies&#8221; y otros personajes siniestros se tomaron la plaza Roosevelt, ubicada en el coraz\u00f3n de S\u00e3o Paulo, para celebrar el D\u00eda de los Muertos, festivo nacional en Brasil. Desde muertos vivientes tradicionales hasta otros conceptos m\u00e1s originales, como resucitados ochenteros en patines o una Frida Khalo de ultratumba, se dieron [&hellip;]<\/p>\n","protected":false},"author":80,"featured_media":287754,"comment_status":"closed","ping_status":"closed","sticky":false,"template":"","format":"standard","meta":{"footnotes":""},"categories":[31,2166],"tags":[],"class_list":["post-287753","post","type-post","status-publish","format-standard","has-post-thumbnail","hentry","category-orbe","category-viral"],"_links":{"self":[{"href":"https:\/\/plazajuarez.mx\/historico\/wp-json\/wp\/v2\/posts\/287753","targetHints":{"allow":["GET"]}}],"collection":[{"href":"https:\/\/plazajuarez.mx\/historico\/wp-json\/wp\/v2\/posts"}],"about":[{"href":"https:\/\/plazajuarez.mx\/historico\/wp-json\/wp\/v2\/types\/post"}],"author":[{"embeddable":true,"href":"https:\/\/plazajuarez.mx\/historico\/wp-json\/wp\/v2\/users\/80"}],"replies":[{"embeddable":true,"href":"https:\/\/plazajuarez.mx\/historico\/wp-json\/wp\/v2\/comments?post=287753"}],"version-history":[{"count":0,"href":"https:\/\/plazajuarez.mx\/historico\/wp-json\/wp\/v2\/posts\/287753\/revisions"}],"wp:featuredmedia":[{"embeddable":true,"href":"https:\/\/plazajuarez.mx\/historico\/wp-json\/wp\/v2\/media\/287754"}],"wp:attachment":[{"href":"https:\/\/plazajuarez.mx\/historico\/wp-json\/wp\/v2\/media?parent=287753"}],"wp:term":[{"taxonomy":"category","embeddable":true,"href":"https:\/\/plazajuarez.mx\/historico\/wp-json\/wp\/v2\/categories?post=287753"},{"taxonomy":"post_tag","embeddable":true,"href":"https:\/\/plazajuarez.mx\/historico\/wp-json\/wp\/v2\/tags?post=287753"}],"curies":[{"name":"wp","href":"https:\/\/api.w.org\/{rel}","templated":true}]}}