{"id":287508,"date":"2023-10-31T12:48:31","date_gmt":"2023-10-31T18:48:31","guid":{"rendered":"https:\/\/plazajuarez.mx\/?p=287508"},"modified":"2023-10-31T12:48:33","modified_gmt":"2023-10-31T18:48:33","slug":"altares-y-ofrendas","status":"publish","type":"post","link":"https:\/\/plazajuarez.mx\/historico\/altares-y-ofrendas\/","title":{"rendered":"Altares y ofrendas\u00a0"},"content":{"rendered":"\n<p class=\"wp-block-paragraph\">Se acerca el&nbsp; D\u00eda de Muertos, celebraci\u00f3n que ha sido considerada como Patrimonio Cultural Inmaterial de la Humanidad por la Organizaci\u00f3n de las Naciones Unidas para la Educaci\u00f3n, la Ciencia y la Cultura (Unesco). Esta tradici\u00f3n destaca sobre todo por la carga simb\u00f3lica que almacena, es una de las festividades que hizo frente a la conquista espa\u00f1ola, que atraves\u00f3 el tiempo para sincretizarse y dar origen a la actual celebraci\u00f3n, que aunque para muchos es religiosa contiene tintes de una herencia dejada por los ancestros.<\/p>\n\n\n\n<p class=\"wp-block-paragraph\">Dentro de todos los rituales y actividades que se realizan durante esta celebraci\u00f3n mexicana, se encuentra la instalaci\u00f3n de la ofrenda y los altares, misma que var\u00eda dependiendo del estado del pa\u00eds en la que sea coloca e incluso de las mismas regiones que hay en cada entidad, pero siempre conserva elementos que hacen que se regrese a la ra\u00edz, por ello en la mesa de los alimentos que se ofrecen a los difuntos, no debe faltar la alusi\u00f3n a los elementos creadores: la Tierra, el Fuego, el Aire y el Agua.<\/p>\n\n\n\n<figure class=\"wp-block-image size-full\"><img loading=\"lazy\" decoding=\"async\" width=\"601\" height=\"593\" src=\"https:\/\/plazajuarez.mx\/historico\/historico\/wp-content\/uploads\/2023\/10\/Ilustrativa.jpeg\" alt=\"\" class=\"wp-image-287509\" srcset=\"https:\/\/plazajuarez.mx\/historico\/wp-content\/uploads\/2023\/10\/Ilustrativa.jpeg 601w, https:\/\/plazajuarez.mx\/historico\/wp-content\/uploads\/2023\/10\/Ilustrativa-36x36.jpeg 36w\" sizes=\"auto, (max-width: 601px) 100vw, 601px\" \/><\/figure>\n\n\n\n<p class=\"wp-block-paragraph\"><strong>Rumbos del Universo&nbsp;<\/strong><\/p>\n\n\n\n<p class=\"wp-block-paragraph\">Cuatro son los elementos como cuatro los rumbos del universo. En la cosmovisi\u00f3n nahua se contempla la presencia de cuatro se\u00f1ores que son los que rigen y gobiernan cada uno de esos rumbos representados actualmente por los puntos cardinales (norte, sur, este, oeste), mismos que tambi\u00e9n se representan con alg\u00fan color y que sin duda alguna se hacen presentes en las ofrendas de D\u00eda de Muertos, temporada en la que se han levantado las \u00faltimas cosechas del campo; es decir; la tierra comienza su descanso despu\u00e9s de todos los productos dados en el campo. Es importante recordar la tradici\u00f3n ligada a ciclos agr\u00edcolas, al fin de cuentas en M\u00e9xico residen los hombres y mujeres del Quinto Sol, aquellos cuya carne fue hecha de ma\u00edz.&nbsp;&nbsp;<\/p>\n\n\n\n<p class=\"wp-block-paragraph\"><strong>Tonalixpan<\/strong><\/p>\n\n\n\n<p class=\"wp-block-paragraph\">El oriente era llamado Tonalixpan, este rumbo estaba gobernado por Xipe Totec, el se\u00f1or de la renovaci\u00f3n. Y el Fuego es el elemento de esta regi\u00f3n, lugar donde sale el sol,&nbsp; y de acuerdo con algunos tambi\u00e9n se le asociaba con la parte masculina del universo, por todo esto, el color que le corresponde es el rojo.<\/p>\n\n\n\n<p class=\"wp-block-paragraph\"><strong>Cihuatlampa&nbsp;<\/strong><\/p>\n\n\n\n<p class=\"wp-block-paragraph\">En contraposici\u00f3n y para dar equilibrio al universo, el poniente le correspond\u00eda la parte femenina del universo, y estaba gobernada por el se\u00f1or creador, Quetzalc\u00f3atl, lugar donde se oculta el sol, y cuyo elemento, el Viento, se hac\u00eda presente para acariciar la tierra, el color que usualmente se le da a este rumbo es el blanco.<\/p>\n\n\n\n<p class=\"wp-block-paragraph\"><strong>Mictlampa&nbsp;<\/strong><\/p>\n\n\n\n<p class=\"wp-block-paragraph\">La regi\u00f3n del fr\u00edo, de la muerte, es el norte. Lugar donde se congelan los huesos, all\u00e1 donde gobierna el se\u00f1or de la meditaci\u00f3n, el Tezcatlipoca Negro (el espejo que humea), la regi\u00f3n que representa al elemento Tierra, el rumbo del color amarillo o negro, ya que estos dos colores se utilizan para dar presencia a este rumbo.<\/p>\n\n\n\n<p class=\"wp-block-paragraph\"><strong>Huitztlampa&nbsp;<\/strong><\/p>\n\n\n\n<p class=\"wp-block-paragraph\">La regi\u00f3n del sur, es la del elemento Agua, la misma que se representa con el color azul. All\u00e1, en la regi\u00f3n de la humedad, gobierna el se\u00f1or de la lluvia,&nbsp; el Tl\u00e1loc, la energ\u00eda que riega los campos y que hace crecer.<\/p>\n\n\n\n<p class=\"wp-block-paragraph\">As\u00ed se tienen los cuatro rumbos, los elementos creadores y tambi\u00e9n los colores que se van a ver reflejados en la ofrenda del D\u00eda de Muertos, misma que se pone en recordatorio de los seres queridos que ya son difuntos. Altar que se viste de frutos para agradecer a la Madre Tierra que un a\u00f1o m\u00e1s nos ha dado de comer.<\/p>\n\n\n\n<p class=\"wp-block-paragraph\"><strong>Elementos de la ofrenda&nbsp;<\/strong><\/p>\n\n\n\n<p class=\"wp-block-paragraph\">En cada estado del pa\u00eds la ofrenda es distinta, incluso dentro de cada entidad seg\u00fan es la regi\u00f3n, la colocaci\u00f3n de las ofrendas cambia, pero en general hay elementos que no faltan en los altares de D\u00eda de Muertos, aqu\u00ed la lista de algunos de estos enunciados por el elemento que representan.&nbsp;<\/p>\n\n\n\n<p class=\"wp-block-paragraph\">Ya sea en forma de pir\u00e1mide, de cuatro lados (como cuatro son los rumbos del universo) o de forma circular (en representaci\u00f3n del ciclo de la vida), la ofrenda se coloca en los hogares de las familias que a\u00fan conservan la tradici\u00f3n, y con p\u00e9talos de flores de cempas\u00fachil, forman caminitos que se convierten en la invitaci\u00f3n para que las almas de los fallecidos entren y disfruten de los componentes&nbsp; del altar.<\/p>\n\n\n\n<p class=\"wp-block-paragraph\"><strong>Tierra&nbsp;<\/strong><\/p>\n\n\n\n<p class=\"wp-block-paragraph\">El elemento tierra es el m\u00e1s com\u00fan, en las ofrendas siempre hay flores y frutos que ha dado el campo para deleite, de los que ya se fueron pero que cada a\u00f1o regresan para convivir con los vivos,\u00a0 de esta forma vemos la cosecha colocada sobre el altar con el que se conmemora a los muertos, no pueden faltar: frutas de temporada, flores, comida que le gustaban a los seres queridos que han fallecido,\u00a0 todo puestos en cazuelas de barro, el fruto puro de la tierra su cuerpo, su carne.<\/p>\n\n\n\n<figure class=\"wp-block-image size-full\"><img loading=\"lazy\" decoding=\"async\" width=\"547\" height=\"729\" src=\"https:\/\/plazajuarez.mx\/historico\/historico\/wp-content\/uploads\/2023\/10\/calavera.jpg\" alt=\"\" class=\"wp-image-287511\"\/><\/figure>\n\n\n\n<p class=\"wp-block-paragraph\"><strong>Fuego<\/strong><\/p>\n\n\n\n<p class=\"wp-block-paragraph\">En las ofrendas tambi\u00e9n est\u00e1 presente el fuego, ya que por cada persona que se recuerda se enciende una veladora o una vela. De igual forma se enciende el carb\u00f3n para la quema de copal y ah\u00ed es en donde se muestra la presencia de este elemento creador, mismos que est\u00e1n asociado con el calor del hogar.<\/p>\n\n\n\n<figure class=\"wp-block-image size-full\"><img loading=\"lazy\" decoding=\"async\" width=\"972\" height=\"729\" src=\"https:\/\/plazajuarez.mx\/historico\/historico\/wp-content\/uploads\/2023\/10\/Veladoras.jpg\" alt=\"\" class=\"wp-image-287510\" srcset=\"https:\/\/plazajuarez.mx\/historico\/wp-content\/uploads\/2023\/10\/Veladoras.jpg 972w, https:\/\/plazajuarez.mx\/historico\/wp-content\/uploads\/2023\/10\/Veladoras-768x576.jpg 768w\" sizes=\"auto, (max-width: 972px) 100vw, 972px\" \/><\/figure>\n\n\n\n<p class=\"wp-block-paragraph\"><strong>Agua<\/strong><\/p>\n\n\n\n<p class=\"wp-block-paragraph\">El agua siempre est\u00e1 presente en una ofrenda, es un elemento que tampoco est\u00e1 ausente, ya que no falta el vaso de agua bendita que los cat\u00f3licos ponen sobre la mesa, sin embargo el agua tambi\u00e9n est\u00e1 presente dentro de los&nbsp; floreros donde se acomodan algunos ramos de coloridas flores, as\u00ed mismo en la composici\u00f3n de los alimentos, de igual forma las bebidas en general hacen que este elemento tenga un lugar sobre la mesa.<\/p>\n\n\n\n<p class=\"wp-block-paragraph\"><strong>Aire<\/strong><\/p>\n\n\n\n<p class=\"wp-block-paragraph\">Es el humo del copal, el papel picado, y las hojas de palma que se ocupan para arreglar el altar, los que dan la representaci\u00f3n al elemento viento, ya que a trav\u00e9s de estos, el viento puede mostrar presencia, puede materializarse aunque sea por alg\u00fan instante, y con este elemento se conforma aunado a los otros tres, el misticismo de una ofrenda de D\u00eda de Muertos, del D\u00eda de todos los Santos, seg\u00fan la tradici\u00f3n cat\u00f3lica y del sincretismo cultural en M\u00e9xico.<\/p>\n\n\n\n<p class=\"has-black-color has-text-color wp-block-paragraph\"><strong>ENCUENTRA EL REPORTAJE EN LA EDICI\u00d3N ESPECIAL DE D\u00cdA DE MUERTOS<\/strong> <strong>EN: <\/strong><\/p>\n\n\n\n<p class=\"has-vivid-cyan-blue-color has-text-color wp-block-paragraph\"><iframe title=\"28-10-23\" src=\"https:\/\/e.issuu.com\/embed.html?u=diarioplazajuarez_&#038;d=28-10-23\" style=\"border:none; width: 696px; height: 534px;\" allow=\"clipboard-write,allow-top-navigation,allow-top-navigation-by-user-activation,allow-downloads,allow-scripts,allow-same-origin,allow-popups,allow-modals,allow-popups-to-escape-sandbox,allow-forms\"  allowfullscreen=\"true\"><\/iframe><\/p>\n","protected":false},"excerpt":{"rendered":"<p>Se acerca el&nbsp; D\u00eda de Muertos, celebraci\u00f3n que ha sido considerada como Patrimonio Cultural Inmaterial de la Humanidad por la Organizaci\u00f3n de las Naciones Unidas para la Educaci\u00f3n, la Ciencia y la Cultura (Unesco). Esta tradici\u00f3n destaca sobre todo por la carga simb\u00f3lica que almacena, es una de las festividades que hizo frente a la [&hellip;]<\/p>\n","protected":false},"author":72,"featured_media":287512,"comment_status":"closed","ping_status":"closed","sticky":false,"template":"","format":"standard","meta":{"footnotes":""},"categories":[41,15,59],"tags":[],"class_list":["post-287508","post","type-post","status-publish","format-standard","has-post-thumbnail","hentry","category-arteria-cultural","category-destacadas","category-general"],"_links":{"self":[{"href":"https:\/\/plazajuarez.mx\/historico\/wp-json\/wp\/v2\/posts\/287508","targetHints":{"allow":["GET"]}}],"collection":[{"href":"https:\/\/plazajuarez.mx\/historico\/wp-json\/wp\/v2\/posts"}],"about":[{"href":"https:\/\/plazajuarez.mx\/historico\/wp-json\/wp\/v2\/types\/post"}],"author":[{"embeddable":true,"href":"https:\/\/plazajuarez.mx\/historico\/wp-json\/wp\/v2\/users\/72"}],"replies":[{"embeddable":true,"href":"https:\/\/plazajuarez.mx\/historico\/wp-json\/wp\/v2\/comments?post=287508"}],"version-history":[{"count":0,"href":"https:\/\/plazajuarez.mx\/historico\/wp-json\/wp\/v2\/posts\/287508\/revisions"}],"wp:featuredmedia":[{"embeddable":true,"href":"https:\/\/plazajuarez.mx\/historico\/wp-json\/wp\/v2\/media\/287512"}],"wp:attachment":[{"href":"https:\/\/plazajuarez.mx\/historico\/wp-json\/wp\/v2\/media?parent=287508"}],"wp:term":[{"taxonomy":"category","embeddable":true,"href":"https:\/\/plazajuarez.mx\/historico\/wp-json\/wp\/v2\/categories?post=287508"},{"taxonomy":"post_tag","embeddable":true,"href":"https:\/\/plazajuarez.mx\/historico\/wp-json\/wp\/v2\/tags?post=287508"}],"curies":[{"name":"wp","href":"https:\/\/api.w.org\/{rel}","templated":true}]}}