{"id":287494,"date":"2023-10-31T10:24:28","date_gmt":"2023-10-31T16:24:28","guid":{"rendered":"https:\/\/plazajuarez.mx\/?p=287494"},"modified":"2023-10-31T10:24:30","modified_gmt":"2023-10-31T16:24:30","slug":"la-economia-canadiense-se-estanco-por-segundo-mes-consecutivo-en-agosto","status":"publish","type":"post","link":"https:\/\/plazajuarez.mx\/historico\/la-economia-canadiense-se-estanco-por-segundo-mes-consecutivo-en-agosto\/","title":{"rendered":"La econom\u00eda canadiense se estanc\u00f3 por segundo mes consecutivo en agosto"},"content":{"rendered":"\n<p class=\"wp-block-paragraph\">&nbsp;La econom\u00eda canadiense se estanc\u00f3 por segundo mes consecutivo en agosto a consecuencia de los altos tipos de inter\u00e9s, la elevada inflaci\u00f3n, la grave temporada de incendios forestales y la sequ\u00eda en varias regiones del pa\u00eds, indic\u00f3 este martes el organismo p\u00fablico Estad\u00edsticas Canad\u00e1 (EC).<\/p>\n\n\n\n<p class=\"wp-block-paragraph\">En septiembre, los sectores de servicios crecieron un 0,1 % mientras que los de manufactura industrial se contrajeron un 0,2 %.<\/p>\n\n\n\n<p class=\"wp-block-paragraph\">Con el crecimiento cero de julio y agosto, y los datos preliminares de septiembre, EC estima que en el tercer trimestre la econom\u00eda canadiense experiment\u00f3 una peque\u00f1a contracci\u00f3n, tal y como sucedi\u00f3 tambi\u00e9n de abril a junio.<\/p>\n\n\n\n<p class=\"wp-block-paragraph\">Los datos definitivos de septiembre se dar\u00e1n a conocer el pr\u00f3ximo 30 de noviembre.<\/p>\n\n\n\n<p class=\"wp-block-paragraph\">El 25 de octubre, el Banco de Canad\u00e1 anunci\u00f3 que, por segunda vez consecutiva, manten\u00eda los tipos de inter\u00e9s sin cambios en el 5 % ante las se\u00f1ales de que el consumo est\u00e1 bajo control, con una menor demanda y el debilitamiento de la actividad econ\u00f3mica.<\/p>\n\n\n\n<p class=\"wp-block-paragraph\">El Banco de Canad\u00e1 prev\u00e9 que la econom\u00eda canadiense crezca un 1,2 % en 2023, un 0,9 % en 2024 y un 2,5 % en 2025.<\/p>\n\n\n\n<p class=\"wp-block-paragraph\">Desde principios de 2022, la autoridad monetaria canadiense aplic\u00f3 una agresiva pol\u00edtica de subida de los tipos de inter\u00e9s para controlar la inflaci\u00f3n, que lleg\u00f3 al 8,1 % en junio de ese a\u00f1o.<\/p>\n\n\n\n<p class=\"wp-block-paragraph\">En total, el banco central canadiense elev\u00f3 los tipos de inter\u00e9s en 10 ocasiones desde marzo de 2022 hasta septiembre de 2023.<\/p>\n","protected":false},"excerpt":{"rendered":"<p>&nbsp;La econom\u00eda canadiense se estanc\u00f3 por segundo mes consecutivo en agosto a consecuencia de los altos tipos de inter\u00e9s, la elevada inflaci\u00f3n, la grave temporada de incendios forestales y la sequ\u00eda en varias regiones del pa\u00eds, indic\u00f3 este martes el organismo p\u00fablico Estad\u00edsticas Canad\u00e1 (EC). En septiembre, los sectores de servicios crecieron un 0,1 % [&hellip;]<\/p>\n","protected":false},"author":80,"featured_media":287495,"comment_status":"closed","ping_status":"closed","sticky":false,"template":"","format":"standard","meta":{"footnotes":""},"categories":[31],"tags":[],"class_list":["post-287494","post","type-post","status-publish","format-standard","has-post-thumbnail","hentry","category-orbe"],"_links":{"self":[{"href":"https:\/\/plazajuarez.mx\/historico\/wp-json\/wp\/v2\/posts\/287494","targetHints":{"allow":["GET"]}}],"collection":[{"href":"https:\/\/plazajuarez.mx\/historico\/wp-json\/wp\/v2\/posts"}],"about":[{"href":"https:\/\/plazajuarez.mx\/historico\/wp-json\/wp\/v2\/types\/post"}],"author":[{"embeddable":true,"href":"https:\/\/plazajuarez.mx\/historico\/wp-json\/wp\/v2\/users\/80"}],"replies":[{"embeddable":true,"href":"https:\/\/plazajuarez.mx\/historico\/wp-json\/wp\/v2\/comments?post=287494"}],"version-history":[{"count":0,"href":"https:\/\/plazajuarez.mx\/historico\/wp-json\/wp\/v2\/posts\/287494\/revisions"}],"wp:featuredmedia":[{"embeddable":true,"href":"https:\/\/plazajuarez.mx\/historico\/wp-json\/wp\/v2\/media\/287495"}],"wp:attachment":[{"href":"https:\/\/plazajuarez.mx\/historico\/wp-json\/wp\/v2\/media?parent=287494"}],"wp:term":[{"taxonomy":"category","embeddable":true,"href":"https:\/\/plazajuarez.mx\/historico\/wp-json\/wp\/v2\/categories?post=287494"},{"taxonomy":"post_tag","embeddable":true,"href":"https:\/\/plazajuarez.mx\/historico\/wp-json\/wp\/v2\/tags?post=287494"}],"curies":[{"name":"wp","href":"https:\/\/api.w.org\/{rel}","templated":true}]}}