{"id":287410,"date":"2023-10-31T02:35:51","date_gmt":"2023-10-31T08:35:51","guid":{"rendered":"https:\/\/plazajuarez.mx\/?p=287410"},"modified":"2023-10-31T02:35:54","modified_gmt":"2023-10-31T08:35:54","slug":"luis-rubiales-apelara-la-decision-de-la-fifa-de-suspenderle-durante-tres-anos","status":"publish","type":"post","link":"https:\/\/plazajuarez.mx\/historico\/luis-rubiales-apelara-la-decision-de-la-fifa-de-suspenderle-durante-tres-anos\/","title":{"rendered":"Luis Rubiales apelar\u00e1 la decisi\u00f3n de la FIFA de suspenderle durante tres a\u00f1os"},"content":{"rendered":"\n<p>Luis Rubiales, ex presidente de la Real Federaci\u00f3n Espa\u00f1ola de F\u00fatbol (RFEF), anunci\u00f3 que apelar\u00e1 ante el Comit\u00e9 de Apelaci\u00f3n la decisi\u00f3n de la Comisi\u00f3n Disciplinaria de la FIFA de inhabilitarle durante tres a\u00f1os de todas las actividades relacionadas con el f\u00fatbol a nivel nacional e internacional.<\/p>\n\n\n\n<p>A trav\u00e9s de su cuenta en la red social X, Rubiales indica que llegar\u00e1 &#8220;hasta la \u00faltima instancia para que se haga justicia y resplandezca la verdad&#8221; y da su versi\u00f3n sobre lo acontecido en el procedimiento que se le abri\u00f3 por los hechos acaecidos tras la final del Mundial femenino de Australia y Nueva Zelanda.&nbsp;<\/p>\n\n\n\n<p>Rubiales fue inicialmente suspendido de manera provisional por 90 d\u00edas y este lunes se ha sustanciado la inhabilitaci\u00f3n por entender que infringi\u00f3 el art\u00edculo 13 del c\u00f3digo del organismo tras la final, al llevarse las manos a los genitales en el palco tras el triunfo de Espa\u00f1a ante Inglaterra y besar en la boca a Jenni Hermoso en la entrega de medallas.<\/p>\n\n\n\n<p>En su texto, el exmandatario de la RFEF afirma que la FIFA, tras la apertura del expediente, le concedi\u00f3 un plazo de diez d\u00edas para exponer su postura, pero que a los dos d\u00edas se le notific\u00f3 la suspensi\u00f3n cautelar de su cargo como presidente sin haberle escuchado.<\/p>\n\n\n\n<p>El ex mandatario cree que &#8220;el procedimiento de FIFA se ha caracterizado por emitir decisiones sin los fundamentos de las mismas&#8221; y que lleva 66 de los 90 d\u00edas suspendido sin haber tenido una audiencia completa para defenderse.<\/p>\n\n\n\n<p>&nbsp;&#8220;En los fundamentos de la primera decisi\u00f3n que me suspend\u00eda cautelarmente durante 90 d\u00edas y que no fueron emitidos hasta el d\u00eda 15 de septiembre y notificados el 19, la Comisi\u00f3n Disciplinaria bas\u00f3 la decisi\u00f3n y la urgencia en que &#8216;mi presencia como presidente de la RFEF pod\u00eda impedir la administraci\u00f3n de justicia&#8217; (en el procedimiento disciplinario de FIFA)&#8221;, explica.<\/p>\n\n\n\n<p>&#8220;Sin embargo, la decisi\u00f3n del Comit\u00e9 de Apelaci\u00f3n rechaz\u00f3 mi apelaci\u00f3n el d\u00eda 29 de septiembre, a pesar de que el d\u00eda 11 de septiembre, present\u00e9 mi renuncia tanto a mi cargo en la RFEF como en UEFA donde ostentaba la vicepresidencia. Si ya no ocupaba ning\u00fan cargo en el mundo del f\u00fatbol, \u00bfc\u00f3mo puedo ser un peligro para el procedimiento por tener un cargo? Nuevamente, todo fue notificado sin fundamentos, fundamentos que hoy, 30 de octubre, a\u00fan no se me han trasladado, impidi\u00e9ndome de nuevo apelar la decisi\u00f3n ante el TAS. Y todo esto, solamente en lo que respecta a las medidas cautelares impuestas&#8221;, apunta.<\/p>\n\n\n\n<p>Adem\u00e1s resalta que solicit\u00f3 audiencia para poder presentar en persona sus argumentos ante la Comisi\u00f3n Disciplinaria y que se le deneg\u00f3 &#8220;sin explicar el motivo&#8221;. &#8220;He denunciado en repetidas ocasiones, ante la propia FIFA y ante el TAS, que la Comisi\u00f3n Disciplinaria desde un principio decidi\u00f3 incluir en el expediente \u00fanicamente las declaraciones de personas que, seg\u00fan la prensa, hab\u00edan declarado en mi contra ante la Audiencia Nacional&#8221;, argumenta.&nbsp;<\/p>\n","protected":false},"excerpt":{"rendered":"<p>Luis Rubiales, ex presidente de la Real Federaci\u00f3n Espa\u00f1ola de F\u00fatbol (RFEF), anunci\u00f3 que apelar\u00e1 ante el Comit\u00e9 de Apelaci\u00f3n la decisi\u00f3n de la Comisi\u00f3n Disciplinaria de la FIFA de inhabilitarle durante tres a\u00f1os de todas las actividades relacionadas con el f\u00fatbol a nivel nacional e internacional. A trav\u00e9s de su cuenta en la red [&hellip;]<\/p>\n","protected":false},"author":80,"featured_media":287411,"comment_status":"closed","ping_status":"closed","sticky":false,"template":"","format":"standard","meta":{"footnotes":""},"categories":[39],"tags":[],"class_list":["post-287410","post","type-post","status-publish","format-standard","has-post-thumbnail","hentry","category-deportiva"],"_links":{"self":[{"href":"https:\/\/plazajuarez.mx\/historico\/wp-json\/wp\/v2\/posts\/287410","targetHints":{"allow":["GET"]}}],"collection":[{"href":"https:\/\/plazajuarez.mx\/historico\/wp-json\/wp\/v2\/posts"}],"about":[{"href":"https:\/\/plazajuarez.mx\/historico\/wp-json\/wp\/v2\/types\/post"}],"author":[{"embeddable":true,"href":"https:\/\/plazajuarez.mx\/historico\/wp-json\/wp\/v2\/users\/80"}],"replies":[{"embeddable":true,"href":"https:\/\/plazajuarez.mx\/historico\/wp-json\/wp\/v2\/comments?post=287410"}],"version-history":[{"count":0,"href":"https:\/\/plazajuarez.mx\/historico\/wp-json\/wp\/v2\/posts\/287410\/revisions"}],"wp:featuredmedia":[{"embeddable":true,"href":"https:\/\/plazajuarez.mx\/historico\/wp-json\/wp\/v2\/media\/287411"}],"wp:attachment":[{"href":"https:\/\/plazajuarez.mx\/historico\/wp-json\/wp\/v2\/media?parent=287410"}],"wp:term":[{"taxonomy":"category","embeddable":true,"href":"https:\/\/plazajuarez.mx\/historico\/wp-json\/wp\/v2\/categories?post=287410"},{"taxonomy":"post_tag","embeddable":true,"href":"https:\/\/plazajuarez.mx\/historico\/wp-json\/wp\/v2\/tags?post=287410"}],"curies":[{"name":"wp","href":"https:\/\/api.w.org\/{rel}","templated":true}]}}