{"id":287401,"date":"2023-10-31T02:19:31","date_gmt":"2023-10-31T08:19:31","guid":{"rendered":"https:\/\/plazajuarez.mx\/?p=287401"},"modified":"2023-10-31T02:19:34","modified_gmt":"2023-10-31T08:19:34","slug":"todo-esta-listo-para-la-inauguracion-de-la-rhesidencia-espacio-de-resistencia","status":"publish","type":"post","link":"https:\/\/plazajuarez.mx\/historico\/todo-esta-listo-para-la-inauguracion-de-la-rhesidencia-espacio-de-resistencia\/","title":{"rendered":"\u00a0TODO EST\u00c1 LISTO PARA LA INAUGURACI\u00d3N DE\u00a0&#8220;LA RHESIDENCIA: ESPACIO DE RESISTENCIA&#8221;"},"content":{"rendered":"\n<p>Despu\u00e9s de haber trabajado durante m\u00e1s de cinco a\u00f1os en proyectos de regeneraci\u00f3n comunitaria multidisciplinaria en el municipio de Pachuca y fuera tambi\u00e9n, la Organizaci\u00f3n Rhesident A.C. llevar\u00e1 a cabo la inauguraci\u00f3n de \u201cLa Rhesidencia: espacio de resistencia\u201d, el s\u00e1bado cuatro de noviembre de 2023 a las 17:00 hrs. en su espacio ubicado en Av. Revoluci\u00f3n, Plaza \u201cLas Mar\u00eda Luisas\u201d, local 8, Pachuca, Hgo.<\/p>\n\n\n\n<p>La Rhesidencia es un espacio autogestivo multidisciplinario de resistencia, entendiendo esta \u00faltima como la posibilidad de intercambiar, dialogar y construir alternativas afectivas. El lugar alberga principalmente propuestas y programas pedag\u00f3gicos que involucran diversos conocimientos populares y acad\u00e9micos, relacionados de manera directa e indirecta con los ejes de acci\u00f3n de la organizaci\u00f3n: arte, cultura, urbanismo y sustentabilidad. La Rhesidencia surge bajo la necesidad de integrar las experiencias del trabajo con otras personas, brindando un centro de articulaci\u00f3n comunitaria de oficios y saberes, abierto a diversos p\u00fablicos.<\/p>\n\n\n\n<p>De acuerdo con el equipo de Rhesident Org. \u201cEl&nbsp; objetivo es ofrecer un espacio dentro de la ciudad de Pachuca que permita enlazar programas de diferentes disciplinas por medio de talleres, clases, exposiciones, venta de productos, espacio de coworking, por mencionar algunos.\u201d<\/p>\n\n\n\n<p>\u201cPara la inauguraci\u00f3n contaremos con una recepci\u00f3n de bienvenida, corte de list\u00f3n, y presentaci\u00f3n de la organizaci\u00f3n y del espacio; as\u00ed como de nuestro Plan Anual donde vendr\u00e1 el trabajo realizado desde hace 5 a\u00f1os. Adem\u00e1s, tendr\u00e1 lugar la exposici\u00f3n colectiva \u201cRhesistencia gr\u00e1fica\u201d y se realizar\u00e1n talleres muestra. Asimismo, habr\u00e1 oportunidad de realizar redes e intercambios de tarjetas&nbsp; con organizaciones y artistas locales\u201d, asegur\u00f3 Alejandra Jim\u00e9nez, organizadora del evento e integrante de la asociaci\u00f3n Rhesident Org.<\/p>\n\n\n\n<p>Posteriormente se realizar\u00e1 una fiesta en Masiosare Tragos Mexas, ubicado en Mariano Arista 303. La Surtidora Pachuca, Hgo. Donde se contar\u00e1 con un Karaoke homenaje a Juan Gabriel, m\u00fasica en vivo y venta de alimentos, con el fin de&nbsp; recaudar fondos para la organizaci\u00f3n.&nbsp;<\/p>\n\n\n\n<p>El evento de inauguraci\u00f3n es gratuito y abierto al p\u00fablico en general. Para mayores informes enviar un mensaje al correo <a href=\"mailto:info@rhesident.org\">info@rhesident.org<\/a> o al tel\u00e9fono de la organizaci\u00f3n 771 339 0497. Para conocer m\u00e1s sobre la&nbsp; Organizaci\u00f3n Rhesident A.C. y las actividades en la Rhesidencia, consulta el siguiente enlace: https:\/\/www.linktr.ee\/rhesidentorg y sigue las redes sociales en Instagram (@rhesident_org), Facebook (@rhesident.org) y en su p\u00e1gina web: <a href=\"https:\/\/www.rhesident.org\/\">https:\/\/www.rhesident.org\/<\/a>.<\/p>\n","protected":false},"excerpt":{"rendered":"<p>Despu\u00e9s de haber trabajado durante m\u00e1s de cinco a\u00f1os en proyectos de regeneraci\u00f3n comunitaria multidisciplinaria en el municipio de Pachuca y fuera tambi\u00e9n, la Organizaci\u00f3n Rhesident A.C. llevar\u00e1 a cabo la inauguraci\u00f3n de \u201cLa Rhesidencia: espacio de resistencia\u201d, el s\u00e1bado cuatro de noviembre de 2023 a las 17:00 hrs. en su espacio ubicado en Av. [&hellip;]<\/p>\n","protected":false},"author":93,"featured_media":287402,"comment_status":"closed","ping_status":"closed","sticky":false,"template":"","format":"standard","meta":{"footnotes":""},"categories":[41],"tags":[],"class_list":["post-287401","post","type-post","status-publish","format-standard","has-post-thumbnail","hentry","category-arteria-cultural"],"_links":{"self":[{"href":"https:\/\/plazajuarez.mx\/historico\/wp-json\/wp\/v2\/posts\/287401","targetHints":{"allow":["GET"]}}],"collection":[{"href":"https:\/\/plazajuarez.mx\/historico\/wp-json\/wp\/v2\/posts"}],"about":[{"href":"https:\/\/plazajuarez.mx\/historico\/wp-json\/wp\/v2\/types\/post"}],"author":[{"embeddable":true,"href":"https:\/\/plazajuarez.mx\/historico\/wp-json\/wp\/v2\/users\/93"}],"replies":[{"embeddable":true,"href":"https:\/\/plazajuarez.mx\/historico\/wp-json\/wp\/v2\/comments?post=287401"}],"version-history":[{"count":0,"href":"https:\/\/plazajuarez.mx\/historico\/wp-json\/wp\/v2\/posts\/287401\/revisions"}],"wp:featuredmedia":[{"embeddable":true,"href":"https:\/\/plazajuarez.mx\/historico\/wp-json\/wp\/v2\/media\/287402"}],"wp:attachment":[{"href":"https:\/\/plazajuarez.mx\/historico\/wp-json\/wp\/v2\/media?parent=287401"}],"wp:term":[{"taxonomy":"category","embeddable":true,"href":"https:\/\/plazajuarez.mx\/historico\/wp-json\/wp\/v2\/categories?post=287401"},{"taxonomy":"post_tag","embeddable":true,"href":"https:\/\/plazajuarez.mx\/historico\/wp-json\/wp\/v2\/tags?post=287401"}],"curies":[{"name":"wp","href":"https:\/\/api.w.org\/{rel}","templated":true}]}}