{"id":287398,"date":"2023-10-31T02:13:34","date_gmt":"2023-10-31T08:13:34","guid":{"rendered":"https:\/\/plazajuarez.mx\/?p=287398"},"modified":"2023-10-31T02:13:38","modified_gmt":"2023-10-31T08:13:38","slug":"unos-7-mil-migrantes-salieron-en-una-caravana-de-la-frontera-sur-de-mexico","status":"publish","type":"post","link":"https:\/\/plazajuarez.mx\/historico\/unos-7-mil-migrantes-salieron-en-una-caravana-de-la-frontera-sur-de-mexico\/","title":{"rendered":"Unos 7 mil migrantes salieron en una\u00a0caravana de la frontera sur de M\u00e9xico"},"content":{"rendered":"\n<p><strong>Ello tras la liberaci\u00f3n de algunos bloqueos carreteros en Guatemala, donde la crisis pol\u00edtica hab\u00eda obstaculizado el flujo migratorio la semana pasada<\/strong><\/p>\n\n\n\n<p>Una caravana de unos 7 mil migrantes parti\u00f3 este lunes de la frontera sur de M\u00e9xico tras su frustraci\u00f3n por la falta de avances en la Cumbre Migratoria de Latinoam\u00e9rica realizada el pasado 22 de octubre y de la ausencia de emisi\u00f3n de permisos del Gobierno para poder transitar por el pa\u00eds y llegar a la frontera norte.<\/p>\n\n\n\n<p><strong>CAOS EN FRONTERA SUR DE M\u00c9XICO POR LLEGADA DE MILES DE MIGRANTES DE GUATEMALA<\/strong><\/p>\n\n\n\n<p>Las informaciones generadas durante las \u00faltimas horas relatan, que la frontera sur de M\u00e9xico vivi\u00f3 este lunes una jornada de caos por la llegada de miles de migrantes a Tapachula, Chiapas, en su mayor\u00eda de Hait\u00ed, tras la liberaci\u00f3n de algunos bloqueos carreteros en Guatemala, donde la crisis pol\u00edtica hab\u00eda obstaculizado el flujo migratorio la semana pasada.<\/p>\n\n\n\n<p><strong>VENEZOLANOS Y HONDURE\u00d1OS HOMBRES Y MUJERES ENCADENADOS PIDEN PAZ<\/strong><\/p>\n\n\n\n<p>Al menos seis hombres venezolanos y hondure\u00f1os y cinco mujeres, salieron encadenados y con banderines blancos para pedir paz y documentos de tr\u00e1nsito para poder salir de esta \u201cc\u00e1rcel\u201d en la que han estado varados durante d\u00edas y meses en espera de documentaci\u00f3n que acredite su estancia legal en M\u00e9xico.<\/p>\n\n\n\n<p><strong>MILES DE EXTRANJEROS TRATAR\u00c1N DE LLEGAR A LA BAS\u00cdLICA DE GUADALUPE<\/strong><\/p>\n\n\n\n<p>Los miles de extranjeros se concentraron alrededor de las 06:00 de la ma\u00f1ana y emprendieron su camino de manera masiva, preparados con paraguas, cartones, mochilas e hijos en brazos con la esperanza de poder llegar a la Bas\u00edlica de Guadalupe, en la Ciudad de M\u00e9xico.<\/p>\n\n\n\n<p><strong>SE CUENTAN A UNOS TRES MIL NI\u00d1OS EN ESTA CARAVANA DE MIGRANTES<\/strong><\/p>\n\n\n\n<p>En la caravana, integrada por migrantes en su mayor\u00eda de Honduras, Venezuela, Hait\u00ed, Cuba, El Salvador y Guatemala, viajan unos 3 mil ni\u00f1os y mujeres quienes caminan a paso lento, con sillas de ruedas, andaderas y han huido de la pobreza, marginaci\u00f3n, la inseguridad y las pandillas en sus pa\u00edses de origen.<\/p>\n\n\n\n<p><strong>PAREJA DE MIGRANTES VENEZOLANOS SE SIENTEN SIN OPORTUNIDADES<\/strong><\/p>\n\n\n\n<p>Ernesto Fern\u00e1ndez y Marli Brise\u00f1o son una pareja de venezolanos que se unieron a esta caravana con el objetivo de llegar a la frontera norte.<\/p>\n\n\n\n<p><strong>VIAJAN EN BUSCA DE UN MEJOR FUTURO PARA AMBOS, CUENTA EL CHEF ERNESTO<\/strong><\/p>\n\n\n\n<p>\u201cMi objetivo es poder llegar a los Estados Unidos de Am\u00e9rica para poder trabajar all\u00e1, la situaci\u00f3n en Venezuela es dura, por el tema pol\u00edtico y econ\u00f3mico estamos buscando un mejor futuro para m\u00ed y mi esposa\u201d, dijo Ernesto<\/p>\n\n\n\n<p>Este migrante cont\u00f3 que en Venezuela era chef, por lo que ahora busca alguna oportunidad de trabajo.<\/p>\n\n\n\n<p><strong>EDWIN SE ENCADEN\u00d3 PORQUE NO LO DEJAN AVANZAR A LA FRONTERA NORTE<\/strong><\/p>\n\n\n\n<p>Edwin, otro migrante que se uni\u00f3 a la caravana, lleva consigo un mont\u00f3n de cadenas sobre su hombro y relat\u00f3 que va atado porque no lo dejan avanzar y salir de Tapachula, donde han sido asaltados y sin oportunidades para poder seguir su camino.<\/p>\n\n\n\n<p><strong>LLEVA TRES MESES ESPERANDO UN PERMISO, PERO NO LE DAN NADA<\/strong><\/p>\n\n\n\n<p>\u201cNo tenemos otra opci\u00f3n de unirnos a la caravana, no tenemos dinero, trabajo, aqu\u00ed en Tapachula no nos abren otro lugar y tenemos que llegar a nuestro destino. Tenemos tres meses de estar aqu\u00ed esperando un permiso, venimos con la opci\u00f3n de hacer las cosas bien y avanzar de la mejor manera, pero no nos dan la oportunidad\u201d, expres\u00f3.<\/p>\n\n\n\n<p><strong>PIDE QUE LE DEN APOYO REAL PARA SEGUIR SU CAMINO<\/strong><\/p>\n\n\n\n<p>Este extranjero, quien tambi\u00e9n es cocinero, pidi\u00f3 al Gobierno de M\u00e9xico que les d\u00e9 apoyos reales para poder seguir su camino porque no quieren quedarse en Tapachula.<\/p>\n\n\n\n<p><strong>CORROBORAN QUE VAN 7 MIL PERSONAS MIGRANTES EN LA CARAVANA<\/strong><\/p>\n\n\n\n<p>Irineo M\u00fajica Arzate, director de la Organizaci\u00f3n Pueblos Sin Fronteras, asegur\u00f3 que en esta caravana van 7 mil personas con el objetivo de salvar sus vidas, seguir su camino, conseguir un documento y no ser presas del crimen organizado y del narcotr\u00e1fico.<\/p>\n\n\n\n<p>\u201cEsto salva vidas, la verdad. Aqu\u00ed nos vamos a quedar, vamos a valorar c\u00f3mo viene el hurac\u00e1n y aqu\u00ed vamos a quedarnos a descansar hoy\u201d, se\u00f1al\u00f3.<\/p>\n\n\n\n<p><strong>DEPENDEN DE LAS CONDICIONES CLIM\u00c1TICAS PARA SEGUIR SU CAMINO<\/strong><\/p>\n\n\n\n<p>Los migrantes llegaron este lunes hasta la comunidad de \u00c1lvaro Obreg\u00f3n, a unos 15 kil\u00f3metros de Tapachula, donde se quedaron a descansar y, dependiendo de las condiciones clim\u00e1ticas, podr\u00edan valorar si contin\u00faan caminando.<\/p>\n\n\n\n<p><strong>16 MIL MIGRANTES SON LOS QUE LLEGAN AL D\u00cdA A LAS FRONTERAS DE M\u00c9XICO<\/strong><\/p>\n\n\n\n<p>La situaci\u00f3n en la frontera sur refleja un flujo migratorio &#8220;sin precedentes&#8221; de la regi\u00f3n, como advirti\u00f3 la Organizaci\u00f3n Internacional de las Migraciones (OIM) el mes pasado, con hasta 16 mil migrantes que llegan al d\u00eda a las fronteras de M\u00e9xico, de acuerdo con el presidente Andr\u00e9s Manuel L\u00f3pez Obrador.<\/p>\n","protected":false},"excerpt":{"rendered":"<p>Ello tras la liberaci\u00f3n de algunos bloqueos carreteros en Guatemala, donde la crisis pol\u00edtica hab\u00eda obstaculizado el flujo migratorio la semana pasada Una caravana de unos 7 mil migrantes parti\u00f3 este lunes de la frontera sur de M\u00e9xico tras su frustraci\u00f3n por la falta de avances en la Cumbre Migratoria de Latinoam\u00e9rica realizada el pasado [&hellip;]<\/p>\n","protected":false},"author":80,"featured_media":287399,"comment_status":"closed","ping_status":"closed","sticky":false,"template":"","format":"standard","meta":{"footnotes":""},"categories":[37],"tags":[],"class_list":["post-287398","post","type-post","status-publish","format-standard","has-post-thumbnail","hentry","category-barandilla"],"_links":{"self":[{"href":"https:\/\/plazajuarez.mx\/historico\/wp-json\/wp\/v2\/posts\/287398","targetHints":{"allow":["GET"]}}],"collection":[{"href":"https:\/\/plazajuarez.mx\/historico\/wp-json\/wp\/v2\/posts"}],"about":[{"href":"https:\/\/plazajuarez.mx\/historico\/wp-json\/wp\/v2\/types\/post"}],"author":[{"embeddable":true,"href":"https:\/\/plazajuarez.mx\/historico\/wp-json\/wp\/v2\/users\/80"}],"replies":[{"embeddable":true,"href":"https:\/\/plazajuarez.mx\/historico\/wp-json\/wp\/v2\/comments?post=287398"}],"version-history":[{"count":0,"href":"https:\/\/plazajuarez.mx\/historico\/wp-json\/wp\/v2\/posts\/287398\/revisions"}],"wp:featuredmedia":[{"embeddable":true,"href":"https:\/\/plazajuarez.mx\/historico\/wp-json\/wp\/v2\/media\/287399"}],"wp:attachment":[{"href":"https:\/\/plazajuarez.mx\/historico\/wp-json\/wp\/v2\/media?parent=287398"}],"wp:term":[{"taxonomy":"category","embeddable":true,"href":"https:\/\/plazajuarez.mx\/historico\/wp-json\/wp\/v2\/categories?post=287398"},{"taxonomy":"post_tag","embeddable":true,"href":"https:\/\/plazajuarez.mx\/historico\/wp-json\/wp\/v2\/tags?post=287398"}],"curies":[{"name":"wp","href":"https:\/\/api.w.org\/{rel}","templated":true}]}}