{"id":287392,"date":"2023-10-31T01:57:55","date_gmt":"2023-10-31T07:57:55","guid":{"rendered":"https:\/\/plazajuarez.mx\/?p=287392"},"modified":"2023-10-31T01:58:00","modified_gmt":"2023-10-31T07:58:00","slug":"balearon-a-presunto-lider-huachicolero-que-se-debate-entre-la-vida-y-la-muerte","status":"publish","type":"post","link":"https:\/\/plazajuarez.mx\/historico\/balearon-a-presunto-lider-huachicolero-que-se-debate-entre-la-vida-y-la-muerte\/","title":{"rendered":"Balearon a presunto l\u00edder huachicolero\u00a0que se debate entre la vida y la muerte"},"content":{"rendered":"\n<p><strong>Los oficiales polic\u00edacos relataron, que en el lugar del ataque se encontraron al menos 13 cartuchos percutidos de armas de fuego<\/strong><\/p>\n\n\n\n<p>Caos y temor sembraron hombres armados que, muy cerca de una escuela, balacearon a un hombre en el municipio de Tezontepec de Aldama, donde el infortunado fue trasladado de urgencia a un nosocomio, ya que su estado era muy grave y se debat\u00eda entre la vida y la muerte.<\/p>\n\n\n\n<p><strong>LO BALEARON EN LA COLONIA SANTA MAR\u00cdA NATIVITAS DE ATENGO<\/strong><\/p>\n\n\n\n<p>La informaci\u00f3n del ataque, indica que este tuvo lugar al filo de las 10:30 horas de este lunes, en la calle Francisco I Madero, de la colonia Santa Mar\u00eda Nativitas de Atengo, en el municipio antes descrito.<\/p>\n\n\n\n<p><strong>AL 911 PIDIERON APOYO DE SOCORRISTAS Y PARAM\u00c9DICOS<\/strong><\/p>\n\n\n\n<p>Vecinos de dicha demarcaci\u00f3n dieron aviso al 911 de Emergencias, de que se escucharon m\u00faltiples disparos de armas de fuego y que se requer\u00eda de socorristas y param\u00e9dicos para atender a un masculino que presentaba profusas hemorragias.<\/p>\n\n\n\n<p><strong>EL INFORTUNADO NO QUISO REVELAR SU IDENTIDAD<\/strong><\/p>\n\n\n\n<p>En su car\u00e1cter de primeros respondientes, elementos de la Polic\u00eda Municipal de Tezontepec, detallaron que tuvieron a la vista al individuo lesionado, quien no quiso revelar su identidad a quien a simple vista se le apreciaba una herida en la cabeza y otra m\u00e1s en el pecho, ambas producidas por impacto de bala.<\/p>\n\n\n\n<p><strong>LOS FAMILIARES DE LA V\u00cdCTIMA LLEGARON AL LUGAR<\/strong><\/p>\n\n\n\n<p>As\u00ed mismo, se revel\u00f3 que al lugar del ataque llegaron familiares del infortunado, pero tambi\u00e9n se negaron a proporcionar el nombre del lesionado, cuyo estado fue reportado como cr\u00edtico.<\/p>\n\n\n\n<p><strong>EN EL HOSPITAL INTEGRAL DE CINTA LARGA, FUE INGRESADO A LA SALA DE TERAPIA INTENSIVA<\/strong><\/p>\n\n\n\n<p>Luego de que los param\u00e9dicos le brindaron las primeras atenciones y lograron estabilizarlo, se decidi\u00f3 su inmediato traslado a bordo de la unidad 07 de Protecci\u00f3n Civil de Tezontepec de Aldama al hospital Integral de Cinta Larga, donde fue ingresado a la sala de terapia intensiva, para tratar de salvarle la existencia.<\/p>\n\n\n\n<p><strong>EN EL LUGAR ENCONTRARON AL MENOS 13 CARTUCHOS PERCUTIDOS<\/strong><\/p>\n\n\n\n<p>Los guardianes de la ley relataron que se encontraron al menos 13 cartuchos percutidos de armas de fuego en el lugar, as\u00ed mismo afuera de un local de antojitos, se detect\u00f3 l\u00edquido hem\u00e1tico y una gorra de color negro.<\/p>\n\n\n\n<p><strong>EL BALEADO PRESUNTAMENTE ES UN L\u00cdDER HUACHICOLERO<\/strong><\/p>\n\n\n\n<p>De manera extraoficial trascendi\u00f3 que el hombre que result\u00f3 lesionado de gravedad, mismo que permanece como desconocido, presuntamente es un l\u00edder de un grupo delictivo dedicado a la orde\u00f1a clandestina de hidrocarburo en la regi\u00f3n de Tula.<\/p>\n","protected":false},"excerpt":{"rendered":"<p>Los oficiales polic\u00edacos relataron, que en el lugar del ataque se encontraron al menos 13 cartuchos percutidos de armas de fuego Caos y temor sembraron hombres armados que, muy cerca de una escuela, balacearon a un hombre en el municipio de Tezontepec de Aldama, donde el infortunado fue trasladado de urgencia a un nosocomio, ya [&hellip;]<\/p>\n","protected":false},"author":93,"featured_media":287393,"comment_status":"closed","ping_status":"closed","sticky":false,"template":"","format":"standard","meta":{"footnotes":""},"categories":[37],"tags":[],"class_list":["post-287392","post","type-post","status-publish","format-standard","has-post-thumbnail","hentry","category-barandilla"],"_links":{"self":[{"href":"https:\/\/plazajuarez.mx\/historico\/wp-json\/wp\/v2\/posts\/287392","targetHints":{"allow":["GET"]}}],"collection":[{"href":"https:\/\/plazajuarez.mx\/historico\/wp-json\/wp\/v2\/posts"}],"about":[{"href":"https:\/\/plazajuarez.mx\/historico\/wp-json\/wp\/v2\/types\/post"}],"author":[{"embeddable":true,"href":"https:\/\/plazajuarez.mx\/historico\/wp-json\/wp\/v2\/users\/93"}],"replies":[{"embeddable":true,"href":"https:\/\/plazajuarez.mx\/historico\/wp-json\/wp\/v2\/comments?post=287392"}],"version-history":[{"count":0,"href":"https:\/\/plazajuarez.mx\/historico\/wp-json\/wp\/v2\/posts\/287392\/revisions"}],"wp:featuredmedia":[{"embeddable":true,"href":"https:\/\/plazajuarez.mx\/historico\/wp-json\/wp\/v2\/media\/287393"}],"wp:attachment":[{"href":"https:\/\/plazajuarez.mx\/historico\/wp-json\/wp\/v2\/media?parent=287392"}],"wp:term":[{"taxonomy":"category","embeddable":true,"href":"https:\/\/plazajuarez.mx\/historico\/wp-json\/wp\/v2\/categories?post=287392"},{"taxonomy":"post_tag","embeddable":true,"href":"https:\/\/plazajuarez.mx\/historico\/wp-json\/wp\/v2\/tags?post=287392"}],"curies":[{"name":"wp","href":"https:\/\/api.w.org\/{rel}","templated":true}]}}