{"id":287360,"date":"2023-10-30T07:51:03","date_gmt":"2023-10-30T13:51:03","guid":{"rendered":"https:\/\/plazajuarez.mx\/?p=287360"},"modified":"2023-10-30T07:51:04","modified_gmt":"2023-10-30T13:51:04","slug":"corren-contra-el-cancer-de-mama-mas-de-300-personas","status":"publish","type":"post","link":"https:\/\/plazajuarez.mx\/historico\/corren-contra-el-cancer-de-mama-mas-de-300-personas\/","title":{"rendered":"Corren contra el c\u00e1ncer de mama m\u00e1s de 300 personas"},"content":{"rendered":"\n<p><strong>ZEMPOALA<\/strong>.- \u201cHay que crear conciencia entre la poblaci\u00f3n, sobre la importancia de la detecci\u00f3n temprana y prevenci\u00f3n del c\u00e1ncer de mama\u201d, se\u00f1al\u00f3 el alcalde Jes\u00fas Hern\u00e1ndez Ju\u00e1rez, durante la \u201cPrimera Carrera Zempoala Rosa, 2023\u201d.<\/p>\n\n\n\n<p>Hernandez Ju\u00e1rez, indic\u00f3 que uno de los pasos m\u00e1s importantes de esta primera justa fue el que dado por los ciudadanos para crear conciencia sobre \u201cla importancia de la detecci\u00f3n temprana y prevenci\u00f3n del c\u00e1ncer de mama, recordemos que fomentar h\u00e1bitos saludables y apoyar a quienes luchan contra esta enfermedad es de suma importancia\u201d.<\/p>\n\n\n\n<p>Agreg\u00f3 que esta primera Carrera Zempoala Rosa, tuvo como objetivo principal promover la importancia de la detecci\u00f3n temprana del c\u00e1ncer de mama y promover la salud mamaria, y enfatiz\u00f3 la importancia de un autoexamen, como una de las herramientas vitales.<\/p>\n\n\n\n<p>Por su parte el organizador Rene Pe\u00f1a director del Comit\u00e9 Municipal del Deporte (COMUDE), destac\u00f3 la importancia de la concientizaci\u00f3n sobre el c\u00e1ncer de mama y la necesidad de llevar este mensaje durante todo el a\u00f1o.<\/p>\n","protected":false},"excerpt":{"rendered":"<p>ZEMPOALA.- \u201cHay que crear conciencia entre la poblaci\u00f3n, sobre la importancia de la detecci\u00f3n temprana y prevenci\u00f3n del c\u00e1ncer de mama\u201d, se\u00f1al\u00f3 el alcalde Jes\u00fas Hern\u00e1ndez Ju\u00e1rez, durante la \u201cPrimera Carrera Zempoala Rosa, 2023\u201d. Hernandez Ju\u00e1rez, indic\u00f3 que uno de los pasos m\u00e1s importantes de esta primera justa fue el que dado por los ciudadanos [&hellip;]<\/p>\n","protected":false},"author":69,"featured_media":287364,"comment_status":"closed","ping_status":"closed","sticky":false,"template":"","format":"standard","meta":{"footnotes":""},"categories":[2159,40],"tags":[],"class_list":["post-287360","post","type-post","status-publish","format-standard","has-post-thumbnail","hentry","category-noticias-de-hidalgo","category-region"],"_links":{"self":[{"href":"https:\/\/plazajuarez.mx\/historico\/wp-json\/wp\/v2\/posts\/287360","targetHints":{"allow":["GET"]}}],"collection":[{"href":"https:\/\/plazajuarez.mx\/historico\/wp-json\/wp\/v2\/posts"}],"about":[{"href":"https:\/\/plazajuarez.mx\/historico\/wp-json\/wp\/v2\/types\/post"}],"author":[{"embeddable":true,"href":"https:\/\/plazajuarez.mx\/historico\/wp-json\/wp\/v2\/users\/69"}],"replies":[{"embeddable":true,"href":"https:\/\/plazajuarez.mx\/historico\/wp-json\/wp\/v2\/comments?post=287360"}],"version-history":[{"count":0,"href":"https:\/\/plazajuarez.mx\/historico\/wp-json\/wp\/v2\/posts\/287360\/revisions"}],"wp:featuredmedia":[{"embeddable":true,"href":"https:\/\/plazajuarez.mx\/historico\/wp-json\/wp\/v2\/media\/287364"}],"wp:attachment":[{"href":"https:\/\/plazajuarez.mx\/historico\/wp-json\/wp\/v2\/media?parent=287360"}],"wp:term":[{"taxonomy":"category","embeddable":true,"href":"https:\/\/plazajuarez.mx\/historico\/wp-json\/wp\/v2\/categories?post=287360"},{"taxonomy":"post_tag","embeddable":true,"href":"https:\/\/plazajuarez.mx\/historico\/wp-json\/wp\/v2\/tags?post=287360"}],"curies":[{"name":"wp","href":"https:\/\/api.w.org\/{rel}","templated":true}]}}