{"id":287359,"date":"2023-10-30T07:51:01","date_gmt":"2023-10-30T13:51:01","guid":{"rendered":"https:\/\/plazajuarez.mx\/?p=287359"},"modified":"2023-10-30T07:51:03","modified_gmt":"2023-10-30T13:51:03","slug":"este-lunes-ultimo-dia-de-la-granja-del-terror","status":"publish","type":"post","link":"https:\/\/plazajuarez.mx\/historico\/este-lunes-ultimo-dia-de-la-granja-del-terror\/","title":{"rendered":"Este lunes, \u00faltimo d\u00eda de \u201cLa Granja del Terror\u201d\u00a0"},"content":{"rendered":"\n<p><strong>SANTIAGO TULANTEPEC<\/strong>.- La noche del pasado s\u00e1bado 28 de octubre, se dio apertura a la tradicional \u201cGranja del Terror\u201d del municipio de Santiago Tulantepec, donde, desde antes de las 8:00 de la noche cientos de personas ya estaban formadas para vivir la experiencia, que concluir\u00e1 este lunes 30.<\/p>\n\n\n\n<p>Los personajes de terror m\u00e1s famosos del planeta, caracterizados por trabajadores de presidencia municipal, retoman vida en esta Granja del Terror, donde las personas experimentan una buena dosis de adrenalina.<\/p>\n\n\n\n<p>El presidente municipal, Dante C\u00e1rdenas Flores, record\u00f3 que en este a\u00f1o, este espacio terror\u00edfico est\u00e1 ubicado en el n\u00famero 115 de la Avenida M\u00e9xico, y est\u00e1 en servicio desde las 8:00 a las 11:00 horas.<\/p>\n\n\n\n<p>El atractivo de este evento ha llegado no solo a los santiaguenses, sino tambi\u00e9n a habitantes de municipios de la regi\u00f3n, quienes se han dado cita en Santiago Tulantepec para vivir la experiencia.<\/p>\n\n\n\n<p>Este lunes 30 de octubre es el \u00faltimo d\u00eda de la Granja del Terror, por lo que todav\u00eda existe la posibilidad de visitar el municipio santiaguense, refiri\u00f3 el alcalde C\u00e1rdenas Flores.<\/p>\n\n\n\n<p>Recomend\u00f3 que el acceso es bajo el propio riesgo del visitante, pueden entrar ni\u00f1os mayores de 10 a\u00f1os de edad, dentro del recorrido la administraci\u00f3n no se hace responsable de cualquier objeto perdido o da\u00f1ado, no es apto para personas sensibles, no se debe tener alg\u00fan tipo de padecimiento cardiaco, no estar embarazada ni reci\u00e9n operado, no padecer epilepsia, no ingresar en estado et\u00edlico.<\/p>\n\n\n\n<p>Finalmente dijo que, una vez dentro, ya no se puede salir del recorrido a menos que una persona se sienta mal y que la organizaci\u00f3n no responder\u00e1 por alguna lesi\u00f3n al interior.<\/p>\n","protected":false},"excerpt":{"rendered":"<p>SANTIAGO TULANTEPEC.- La noche del pasado s\u00e1bado 28 de octubre, se dio apertura a la tradicional \u201cGranja del Terror\u201d del municipio de Santiago Tulantepec, donde, desde antes de las 8:00 de la noche cientos de personas ya estaban formadas para vivir la experiencia, que concluir\u00e1 este lunes 30. Los personajes de terror m\u00e1s famosos del [&hellip;]<\/p>\n","protected":false},"author":70,"featured_media":287363,"comment_status":"closed","ping_status":"closed","sticky":false,"template":"","format":"standard","meta":{"footnotes":""},"categories":[2159,40],"tags":[],"class_list":["post-287359","post","type-post","status-publish","format-standard","has-post-thumbnail","hentry","category-noticias-de-hidalgo","category-region"],"_links":{"self":[{"href":"https:\/\/plazajuarez.mx\/historico\/wp-json\/wp\/v2\/posts\/287359","targetHints":{"allow":["GET"]}}],"collection":[{"href":"https:\/\/plazajuarez.mx\/historico\/wp-json\/wp\/v2\/posts"}],"about":[{"href":"https:\/\/plazajuarez.mx\/historico\/wp-json\/wp\/v2\/types\/post"}],"author":[{"embeddable":true,"href":"https:\/\/plazajuarez.mx\/historico\/wp-json\/wp\/v2\/users\/70"}],"replies":[{"embeddable":true,"href":"https:\/\/plazajuarez.mx\/historico\/wp-json\/wp\/v2\/comments?post=287359"}],"version-history":[{"count":0,"href":"https:\/\/plazajuarez.mx\/historico\/wp-json\/wp\/v2\/posts\/287359\/revisions"}],"wp:featuredmedia":[{"embeddable":true,"href":"https:\/\/plazajuarez.mx\/historico\/wp-json\/wp\/v2\/media\/287363"}],"wp:attachment":[{"href":"https:\/\/plazajuarez.mx\/historico\/wp-json\/wp\/v2\/media?parent=287359"}],"wp:term":[{"taxonomy":"category","embeddable":true,"href":"https:\/\/plazajuarez.mx\/historico\/wp-json\/wp\/v2\/categories?post=287359"},{"taxonomy":"post_tag","embeddable":true,"href":"https:\/\/plazajuarez.mx\/historico\/wp-json\/wp\/v2\/tags?post=287359"}],"curies":[{"name":"wp","href":"https:\/\/api.w.org\/{rel}","templated":true}]}}