{"id":287303,"date":"2023-10-30T02:18:05","date_gmt":"2023-10-30T08:18:05","guid":{"rendered":"https:\/\/plazajuarez.mx\/?p=287303"},"modified":"2023-10-30T12:53:07","modified_gmt":"2023-10-30T18:53:07","slug":"sube-a-48-la-cifra-oficial-de-fallecidos-en-acapulco","status":"publish","type":"post","link":"https:\/\/plazajuarez.mx\/historico\/sube-a-48-la-cifra-oficial-de-fallecidos-en-acapulco\/","title":{"rendered":"Sube a 48 la cifra oficial de fallecidos en Acapulco"},"content":{"rendered":"\n<p class=\"wp-block-paragraph\">A 48 subi\u00f3 la cifra de fallecidos, adem\u00e1s de 36 desaparecidos, provocados por el devastador impacto del cicl\u00f3n Otis, que entr\u00f3 como hurac\u00e1n de categor\u00eda 5 el pasado mi\u00e9rcoles al balneario de Acapulco, uno de los principales destinos tur\u00edsticos del pa\u00eds, inform\u00f3 este domingo el Gobierno de M\u00e9xico.<\/p>\n\n\n\n<p class=\"wp-block-paragraph\">En el &#8220;Informe del cuarto d\u00eda de trabajos que realiza el Gobierno de M\u00e9xico para recuperaci\u00f3n y atenci\u00f3n a la poblaci\u00f3n afectada por el hurac\u00e1n Otis&#8221;, distribuido este domingo a medios se apunt\u00f3 el nuevo n\u00famero de personas muertas en el apartado denominado afectaciones.<\/p>\n\n\n\n<p class=\"wp-block-paragraph\">&#8220;48 personas fallecidas. 43 en Acapulco de Ju\u00e1rez y cinco en Coyuca de Ben\u00edtez&#8221;, precis\u00f3 el documento.<\/p>\n\n\n\n<p class=\"wp-block-paragraph\">Tres horas antes, la gobernadora del estado de Guerrero (sur del pa\u00eds), Evelyn Salgado, hab\u00eda dicho al presidente Andr\u00e9s Manuel L\u00f3pez Obrador que eran 43 los fallecidos.<\/p>\n\n\n\n<p class=\"wp-block-paragraph\">Por su parte, el presidente, Andr\u00e9s Manuel L\u00f3pez Obrador, acudi\u00f3 a Acapulco ayer para seguir evaluando los da\u00f1os.<\/p>\n","protected":false},"excerpt":{"rendered":"<p>A 48 subi\u00f3 la cifra de fallecidos, adem\u00e1s de 36 desaparecidos, provocados por el devastador impacto del cicl\u00f3n Otis, que entr\u00f3 como hurac\u00e1n de categor\u00eda 5 el pasado mi\u00e9rcoles al balneario de Acapulco, uno de los principales destinos tur\u00edsticos del pa\u00eds, inform\u00f3 este domingo el Gobierno de M\u00e9xico. En el &#8220;Informe del cuarto d\u00eda de [&hellip;]<\/p>\n","protected":false},"author":80,"featured_media":287304,"comment_status":"closed","ping_status":"closed","sticky":false,"template":"","format":"standard","meta":{"footnotes":""},"categories":[15,36],"tags":[],"class_list":["post-287303","post","type-post","status-publish","format-standard","has-post-thumbnail","hentry","category-destacadas","category-nacion"],"_links":{"self":[{"href":"https:\/\/plazajuarez.mx\/historico\/wp-json\/wp\/v2\/posts\/287303","targetHints":{"allow":["GET"]}}],"collection":[{"href":"https:\/\/plazajuarez.mx\/historico\/wp-json\/wp\/v2\/posts"}],"about":[{"href":"https:\/\/plazajuarez.mx\/historico\/wp-json\/wp\/v2\/types\/post"}],"author":[{"embeddable":true,"href":"https:\/\/plazajuarez.mx\/historico\/wp-json\/wp\/v2\/users\/80"}],"replies":[{"embeddable":true,"href":"https:\/\/plazajuarez.mx\/historico\/wp-json\/wp\/v2\/comments?post=287303"}],"version-history":[{"count":0,"href":"https:\/\/plazajuarez.mx\/historico\/wp-json\/wp\/v2\/posts\/287303\/revisions"}],"wp:featuredmedia":[{"embeddable":true,"href":"https:\/\/plazajuarez.mx\/historico\/wp-json\/wp\/v2\/media\/287304"}],"wp:attachment":[{"href":"https:\/\/plazajuarez.mx\/historico\/wp-json\/wp\/v2\/media?parent=287303"}],"wp:term":[{"taxonomy":"category","embeddable":true,"href":"https:\/\/plazajuarez.mx\/historico\/wp-json\/wp\/v2\/categories?post=287303"},{"taxonomy":"post_tag","embeddable":true,"href":"https:\/\/plazajuarez.mx\/historico\/wp-json\/wp\/v2\/tags?post=287303"}],"curies":[{"name":"wp","href":"https:\/\/api.w.org\/{rel}","templated":true}]}}