{"id":287254,"date":"2023-10-29T11:00:55","date_gmt":"2023-10-29T17:00:55","guid":{"rendered":"https:\/\/plazajuarez.mx\/?p=287254"},"modified":"2023-10-29T11:00:57","modified_gmt":"2023-10-29T17:00:57","slug":"mexico-vigila-la-formacion-de-una-depresion-tropical-al-sur-de-costas-de-chiapas","status":"publish","type":"post","link":"https:\/\/plazajuarez.mx\/historico\/mexico-vigila-la-formacion-de-una-depresion-tropical-al-sur-de-costas-de-chiapas\/","title":{"rendered":"M\u00e9xico vigila la formaci\u00f3n de una depresi\u00f3n tropical al sur de costas de Chiapas"},"content":{"rendered":"\n<p>Una depresi\u00f3n tropical se form\u00f3 la tarde de este s\u00e1bado al sur de las costas del estado de Chiapas, y sus desprendimientos nubosos provocar\u00e1n lluvias intensas en el estado, inform\u00f3 el Servicio Meteorol\u00f3gico Nacional (SMN) de M\u00e9xico.<\/p>\n\n\n\n<p>La formaci\u00f3n de este sistema llega en la misma semana en la que el estado mexicano de Guerrero y su destino estrella, el puerto de Acapulco, recibieron el pasado mi\u00e9rcoles el devastador impacto del hurac\u00e1n Otis, de categor\u00eda 5, que hasta ahora ha dejado 39 muertos y 10 desaparecidos, adem\u00e1s de decenas de heridos y cuantiosos da\u00f1os materiales.<\/p>\n\n\n\n<p>&#8220;Se ha formado la depresi\u00f3n tropical Diecinueve-E al sur de las costas de Chiapas, sus desprendimientos nubosos originar\u00e1n lluvias puntuales intensas en dicha entidad. A su vez, se prev\u00e9n vientos con rachas fuertes y oleaje elevado en costas de Oaxaca, Chiapas y el Golfo de Tehuantepec. Se mantiene en estrecha vigilancia&#8221;, apunt\u00f3 el SMN en un comunicado.<\/p>\n\n\n\n<p>En su reporte de las 15:00 horas (21:00 GMT) el sistema se localizaba a 520 Kil\u00f3metros (km) al suroeste de San Salvador, El Salvador, y a 570 km al sur de Boca de Pijijiapan, Chiapas, M\u00e9xico.<\/p>\n\n\n\n<p>Adem\u00e1s, el fen\u00f3meno registra vientos sostenidos de 55 kil\u00f3metros por hora (km\/h) y rachas de 75 km\/h y permanece estacionario.<\/p>\n\n\n\n<p>En el reporte, el Meteorol\u00f3gico dijo que debido al sistema &#8220;se prev\u00e9n vientos con rachas de 40 a 60 km\/h y con oleaje de 1 a 2 metros de altura en costas de Oaxaca y Chipas, adem\u00e1s del Golfo de Tehuantepec&#8221;.<\/p>\n\n\n\n<p>Ante estas condiciones, el organismo llam\u00f3 a la poblaci\u00f3n a extremar precauciones en las zonas de los estados mencionados por lluvias, viento y oleaje (incluyendo la navegaci\u00f3n mar\u00edtima) y atender las recomendaciones emitidas por las autoridades de Protecci\u00f3n Civil.<\/p>\n\n\n\n<p>En la actual temporada de huracanes en el Pac\u00edfico se han formado 15 ciclones con nombre. La lista la integran Adrian, Beatriz, Calvin, Dora, Eugene, Fernanda, Greg, Hilary, Irwin, Jova, Kenneth, Lidia, Max, Norma y Otis, este \u00faltimos el m\u00e1s devastador y peligroso cuyo paso ha dejado hasta ahora 39 fallecidos.<\/p>\n\n\n\n<p>Previamente Hilary en agosto dej\u00f3 cuatro muertos en los estados de Baja California, Baja California Sur y Sinaloa, todos en el norte de M\u00e9xico.<\/p>\n\n\n\n<p>Mientras que el doble azote de los ciclones Lidia y Max dej\u00f3 cinco muertos en total en la segunda semana de octubre, uno en Nayarit, dos en Jalisco y dos en Guerrero.<\/p>\n","protected":false},"excerpt":{"rendered":"<p>Una depresi\u00f3n tropical se form\u00f3 la tarde de este s\u00e1bado al sur de las costas del estado de Chiapas, y sus desprendimientos nubosos provocar\u00e1n lluvias intensas en el estado, inform\u00f3 el Servicio Meteorol\u00f3gico Nacional (SMN) de M\u00e9xico. La formaci\u00f3n de este sistema llega en la misma semana en la que el estado mexicano de Guerrero [&hellip;]<\/p>\n","protected":false},"author":80,"featured_media":287255,"comment_status":"closed","ping_status":"closed","sticky":false,"template":"","format":"standard","meta":{"footnotes":""},"categories":[15,36],"tags":[],"class_list":["post-287254","post","type-post","status-publish","format-standard","has-post-thumbnail","hentry","category-destacadas","category-nacion"],"_links":{"self":[{"href":"https:\/\/plazajuarez.mx\/historico\/wp-json\/wp\/v2\/posts\/287254","targetHints":{"allow":["GET"]}}],"collection":[{"href":"https:\/\/plazajuarez.mx\/historico\/wp-json\/wp\/v2\/posts"}],"about":[{"href":"https:\/\/plazajuarez.mx\/historico\/wp-json\/wp\/v2\/types\/post"}],"author":[{"embeddable":true,"href":"https:\/\/plazajuarez.mx\/historico\/wp-json\/wp\/v2\/users\/80"}],"replies":[{"embeddable":true,"href":"https:\/\/plazajuarez.mx\/historico\/wp-json\/wp\/v2\/comments?post=287254"}],"version-history":[{"count":0,"href":"https:\/\/plazajuarez.mx\/historico\/wp-json\/wp\/v2\/posts\/287254\/revisions"}],"wp:featuredmedia":[{"embeddable":true,"href":"https:\/\/plazajuarez.mx\/historico\/wp-json\/wp\/v2\/media\/287255"}],"wp:attachment":[{"href":"https:\/\/plazajuarez.mx\/historico\/wp-json\/wp\/v2\/media?parent=287254"}],"wp:term":[{"taxonomy":"category","embeddable":true,"href":"https:\/\/plazajuarez.mx\/historico\/wp-json\/wp\/v2\/categories?post=287254"},{"taxonomy":"post_tag","embeddable":true,"href":"https:\/\/plazajuarez.mx\/historico\/wp-json\/wp\/v2\/tags?post=287254"}],"curies":[{"name":"wp","href":"https:\/\/api.w.org\/{rel}","templated":true}]}}