{"id":286682,"date":"2023-10-24T07:43:05","date_gmt":"2023-10-24T13:43:05","guid":{"rendered":"https:\/\/plazajuarez.mx\/?p=286682"},"modified":"2023-10-24T07:43:06","modified_gmt":"2023-10-24T13:43:06","slug":"personal-del-pjf-continua-en-paro-en-hidalgo","status":"publish","type":"post","link":"https:\/\/plazajuarez.mx\/historico\/personal-del-pjf-continua-en-paro-en-hidalgo\/","title":{"rendered":"Personal del PJF contin\u00faa en paro en Hidalgo"},"content":{"rendered":"\n<p class=\"wp-block-paragraph\">Como en su momento lo inform\u00f3 Eliseo Javier Moreno L\u00f3pez, secretario general de la secci\u00f3n 31 del Sindicato de Trabajadores del Poder Judicial de la Federaci\u00f3n (STPJF), el paro laboral continuar\u00e1 en tanto se resuelve el tema de la extinci\u00f3n de 13 fideicomisos que aprob\u00f3 la c\u00e1mara de diputados en el Congreso de la Uni\u00f3n.<\/p>\n\n\n\n<p class=\"wp-block-paragraph\">Se prev\u00e9 que hoy el senado de la Rep\u00fablica lleve a cabo la votaci\u00f3n del dictamen ya que fueron citados a las 10 horas, y que por lo menos, con mayor\u00eda simple, los senadores morenistas aprueben la extinci\u00f3n de los fideicomisos con lo que la Secretar\u00eda de Hacienda y Cr\u00e9dito P\u00fablico (SHCP) podr\u00eda disponer de los m\u00e1s de 15 mil millones de pesos.&nbsp;<\/p>\n\n\n\n<p class=\"wp-block-paragraph\">Por lo anterior, hoy se determinar\u00e1 qu\u00e9 ruta seguir\u00e1 la protesta de los trabajadores del Poder Judicial de la Federaci\u00f3n (PJF), mismos que han dejado de trabajar desde la semana anterior, adem\u00e1s de realizar diversas manifestaciones en la capital hidalguense y una marcha el pasado domingo.<\/p>\n","protected":false},"excerpt":{"rendered":"<p>Como en su momento lo inform\u00f3 Eliseo Javier Moreno L\u00f3pez, secretario general de la secci\u00f3n 31 del Sindicato de Trabajadores del Poder Judicial de la Federaci\u00f3n (STPJF), el paro laboral continuar\u00e1 en tanto se resuelve el tema de la extinci\u00f3n de 13 fideicomisos que aprob\u00f3 la c\u00e1mara de diputados en el Congreso de la Uni\u00f3n. [&hellip;]<\/p>\n","protected":false},"author":72,"featured_media":286687,"comment_status":"closed","ping_status":"closed","sticky":false,"template":"","format":"standard","meta":{"footnotes":""},"categories":[15,59],"tags":[],"class_list":["post-286682","post","type-post","status-publish","format-standard","has-post-thumbnail","hentry","category-destacadas","category-general"],"_links":{"self":[{"href":"https:\/\/plazajuarez.mx\/historico\/wp-json\/wp\/v2\/posts\/286682","targetHints":{"allow":["GET"]}}],"collection":[{"href":"https:\/\/plazajuarez.mx\/historico\/wp-json\/wp\/v2\/posts"}],"about":[{"href":"https:\/\/plazajuarez.mx\/historico\/wp-json\/wp\/v2\/types\/post"}],"author":[{"embeddable":true,"href":"https:\/\/plazajuarez.mx\/historico\/wp-json\/wp\/v2\/users\/72"}],"replies":[{"embeddable":true,"href":"https:\/\/plazajuarez.mx\/historico\/wp-json\/wp\/v2\/comments?post=286682"}],"version-history":[{"count":0,"href":"https:\/\/plazajuarez.mx\/historico\/wp-json\/wp\/v2\/posts\/286682\/revisions"}],"wp:featuredmedia":[{"embeddable":true,"href":"https:\/\/plazajuarez.mx\/historico\/wp-json\/wp\/v2\/media\/286687"}],"wp:attachment":[{"href":"https:\/\/plazajuarez.mx\/historico\/wp-json\/wp\/v2\/media?parent=286682"}],"wp:term":[{"taxonomy":"category","embeddable":true,"href":"https:\/\/plazajuarez.mx\/historico\/wp-json\/wp\/v2\/categories?post=286682"},{"taxonomy":"post_tag","embeddable":true,"href":"https:\/\/plazajuarez.mx\/historico\/wp-json\/wp\/v2\/tags?post=286682"}],"curies":[{"name":"wp","href":"https:\/\/api.w.org\/{rel}","templated":true}]}}