{"id":286677,"date":"2023-10-24T07:43:52","date_gmt":"2023-10-24T13:43:52","guid":{"rendered":"https:\/\/plazajuarez.mx\/?p=286677"},"modified":"2023-10-24T07:43:54","modified_gmt":"2023-10-24T13:43:54","slug":"continuan-censo-de-personas-desaparecidas","status":"publish","type":"post","link":"https:\/\/plazajuarez.mx\/historico\/continuan-censo-de-personas-desaparecidas\/","title":{"rendered":"Contin\u00faan censo de personas desaparecidas"},"content":{"rendered":"\n<p class=\"wp-block-paragraph\">Dando continuidad al proceso de construcci\u00f3n de un censo de personas desaparecidas en el pa\u00eds, el gobernador Julio Menchaca Salazar acudi\u00f3 a la reuni\u00f3n convocada por el presidente Andr\u00e9s Manuel L\u00f3pez Obrador, en Palacio Nacional, para avanzar en este programa que busca agilizar los procesos de b\u00fasqueda en todo el territorio mexicano.&nbsp;<\/p>\n\n\n\n<p class=\"wp-block-paragraph\">Menchaca Salazar enfatiz\u00f3 el compromiso del gobierno de Hidalgo para incorporar los mecanismos necesarios que permitan establecer protocolos de b\u00fasqueda de personas en calidad de desaparecidas o no localizadas, &#8220;sabemos que cuando una persona desaparece, el tiempo es vital\u201d, refiri\u00f3 el gobernador hidalguense.&nbsp;<\/p>\n\n\n\n<p class=\"wp-block-paragraph\">En dicho encuentro tambi\u00e9n se dieron cita integrantes del gabinete federal, as\u00ed como el resto de las y los mandatarios estatales.<\/p>\n","protected":false},"excerpt":{"rendered":"<p>Dando continuidad al proceso de construcci\u00f3n de un censo de personas desaparecidas en el pa\u00eds, el gobernador Julio Menchaca Salazar acudi\u00f3 a la reuni\u00f3n convocada por el presidente Andr\u00e9s Manuel L\u00f3pez Obrador, en Palacio Nacional, para avanzar en este programa que busca agilizar los procesos de b\u00fasqueda en todo el territorio mexicano.&nbsp; Menchaca Salazar enfatiz\u00f3 [&hellip;]<\/p>\n","protected":false},"author":93,"featured_media":286684,"comment_status":"closed","ping_status":"closed","sticky":false,"template":"","format":"standard","meta":{"footnotes":""},"categories":[59],"tags":[],"class_list":["post-286677","post","type-post","status-publish","format-standard","has-post-thumbnail","hentry","category-general"],"_links":{"self":[{"href":"https:\/\/plazajuarez.mx\/historico\/wp-json\/wp\/v2\/posts\/286677","targetHints":{"allow":["GET"]}}],"collection":[{"href":"https:\/\/plazajuarez.mx\/historico\/wp-json\/wp\/v2\/posts"}],"about":[{"href":"https:\/\/plazajuarez.mx\/historico\/wp-json\/wp\/v2\/types\/post"}],"author":[{"embeddable":true,"href":"https:\/\/plazajuarez.mx\/historico\/wp-json\/wp\/v2\/users\/93"}],"replies":[{"embeddable":true,"href":"https:\/\/plazajuarez.mx\/historico\/wp-json\/wp\/v2\/comments?post=286677"}],"version-history":[{"count":0,"href":"https:\/\/plazajuarez.mx\/historico\/wp-json\/wp\/v2\/posts\/286677\/revisions"}],"wp:featuredmedia":[{"embeddable":true,"href":"https:\/\/plazajuarez.mx\/historico\/wp-json\/wp\/v2\/media\/286684"}],"wp:attachment":[{"href":"https:\/\/plazajuarez.mx\/historico\/wp-json\/wp\/v2\/media?parent=286677"}],"wp:term":[{"taxonomy":"category","embeddable":true,"href":"https:\/\/plazajuarez.mx\/historico\/wp-json\/wp\/v2\/categories?post=286677"},{"taxonomy":"post_tag","embeddable":true,"href":"https:\/\/plazajuarez.mx\/historico\/wp-json\/wp\/v2\/tags?post=286677"}],"curies":[{"name":"wp","href":"https:\/\/api.w.org\/{rel}","templated":true}]}}