{"id":286662,"date":"2023-10-24T07:44:16","date_gmt":"2023-10-24T13:44:16","guid":{"rendered":"https:\/\/plazajuarez.mx\/?p=286662"},"modified":"2023-10-24T07:44:17","modified_gmt":"2023-10-24T13:44:17","slug":"una-feria-de-san-francisco-totalmente-nueva-elizabeth-quintanar","status":"publish","type":"post","link":"https:\/\/plazajuarez.mx\/historico\/una-feria-de-san-francisco-totalmente-nueva-elizabeth-quintanar\/","title":{"rendered":"&#8220;Una Feria de San Francisco totalmente Nueva&#8221;: Elizabeth Quintanar"},"content":{"rendered":"\n<p class=\"wp-block-paragraph\">A pesar de las quejas por parte de expositores y las deficiencias en cuanto al manejo de residuos s\u00f3lidos urbanos, la falta de higiene en los sanitarios y las denuncias por costos excesivos, as\u00ed como de zonas preferenciales en el Teatro del Pueblo, la secretaria de Turismo del estado, Elizabeth Quintanar G\u00f3mez, se\u00f1al\u00f3 que: &#8220;esta edici\u00f3n, sin duda, fue una Feria de San Francisco totalmente nueva y diferente a lo que ven\u00eda realiz\u00e1ndose durante las \u00faltimas tres d\u00e9cadas&#8221;.<\/p>\n\n\n\n<p class=\"wp-block-paragraph\">En ese sentido, expres\u00f3 que se apost\u00f3 por la recuperaci\u00f3n de espacios que resaltan la esencia m\u00e1s tradicional de Hidalgo: &#8220;Incluimos a las y los artesanos de todas las regiones de la entidad, impulsamos con mucho entusiasmo la gastronom\u00eda hidalguense con la presencia de 26 de los 28 Pueblos con Sabor que existen en el estado, dentro del Pabell\u00f3n Gastron\u00f3mico, en donde se vendieron los m\u00e1s exquisitos platillos de nuestra paleta culinaria&#8221;.<\/p>\n\n\n\n<p class=\"wp-block-paragraph\">Adem\u00e1s, se\u00f1al\u00f3 que en el Pabell\u00f3n Tur\u00edstico, el cual recibi\u00f3 a poco m\u00e1s de 70 mil personas, se expusieron algunos de los sitios que dan identidad y orgullo al estado de Hidalgo.&nbsp;<\/p>\n\n\n\n<p class=\"wp-block-paragraph\">Tras ser su primera gesti\u00f3n de un evento tan importante para los hidalguenses, Quintanar G\u00f3mez puntualiz\u00f3 que &#8220;todos los cambios y las nuevas adecuaciones fueron pensadas para generar espacios de convivencia dignos, limpios, ordenados y seguros&#8221;.&nbsp;<\/p>\n\n\n\n<p class=\"wp-block-paragraph\">Finalmente, la servidora p\u00fablica manifest\u00f3 que, durante el \u00faltimo d\u00eda de feria &#8220;se abrieron foros para impulsar a nuestros artistas locales y, por primera vez, en la \u00faltima semana, incluimos actividades del Xantolo y D\u00eda de Muertos, con el montaje de un altar monumental y tres d\u00edas de desfile de catrinas &#8220;.<\/p>\n","protected":false},"excerpt":{"rendered":"<p>A pesar de las quejas por parte de expositores y las deficiencias en cuanto al manejo de residuos s\u00f3lidos urbanos, la falta de higiene en los sanitarios y las denuncias por costos excesivos, as\u00ed como de zonas preferenciales en el Teatro del Pueblo, la secretaria de Turismo del estado, Elizabeth Quintanar G\u00f3mez, se\u00f1al\u00f3 que: &#8220;esta [&hellip;]<\/p>\n","protected":false},"author":93,"featured_media":286689,"comment_status":"closed","ping_status":"closed","sticky":false,"template":"","format":"standard","meta":{"footnotes":""},"categories":[59],"tags":[],"class_list":["post-286662","post","type-post","status-publish","format-standard","has-post-thumbnail","hentry","category-general"],"_links":{"self":[{"href":"https:\/\/plazajuarez.mx\/historico\/wp-json\/wp\/v2\/posts\/286662","targetHints":{"allow":["GET"]}}],"collection":[{"href":"https:\/\/plazajuarez.mx\/historico\/wp-json\/wp\/v2\/posts"}],"about":[{"href":"https:\/\/plazajuarez.mx\/historico\/wp-json\/wp\/v2\/types\/post"}],"author":[{"embeddable":true,"href":"https:\/\/plazajuarez.mx\/historico\/wp-json\/wp\/v2\/users\/93"}],"replies":[{"embeddable":true,"href":"https:\/\/plazajuarez.mx\/historico\/wp-json\/wp\/v2\/comments?post=286662"}],"version-history":[{"count":0,"href":"https:\/\/plazajuarez.mx\/historico\/wp-json\/wp\/v2\/posts\/286662\/revisions"}],"wp:featuredmedia":[{"embeddable":true,"href":"https:\/\/plazajuarez.mx\/historico\/wp-json\/wp\/v2\/media\/286689"}],"wp:attachment":[{"href":"https:\/\/plazajuarez.mx\/historico\/wp-json\/wp\/v2\/media?parent=286662"}],"wp:term":[{"taxonomy":"category","embeddable":true,"href":"https:\/\/plazajuarez.mx\/historico\/wp-json\/wp\/v2\/categories?post=286662"},{"taxonomy":"post_tag","embeddable":true,"href":"https:\/\/plazajuarez.mx\/historico\/wp-json\/wp\/v2\/tags?post=286662"}],"curies":[{"name":"wp","href":"https:\/\/api.w.org\/{rel}","templated":true}]}}