{"id":286426,"date":"2023-10-20T20:20:03","date_gmt":"2023-10-21T02:20:03","guid":{"rendered":"https:\/\/plazajuarez.mx\/?p=286426"},"modified":"2023-10-20T20:20:04","modified_gmt":"2023-10-21T02:20:04","slug":"rector-de-la-uaeh-rechaza-mediacion-de-gobernador","status":"publish","type":"post","link":"https:\/\/plazajuarez.mx\/historico\/rector-de-la-uaeh-rechaza-mediacion-de-gobernador\/","title":{"rendered":"RECTOR DE LA UAEH RECHAZA MEDIACI\u00d3N DE GOBERNADOR"},"content":{"rendered":"\n<p>A trav\u00e9s de un comunicado, la Universidad Aut\u00f3noma del Estado de Hidalgo (UAEH), dej\u00f3 en claro que los asuntos de la m\u00e1xima casa de estudios se resuelve al interior de la misma.<\/p>\n\n\n\n<p>Lo anterior, luego que estudiantes representantes de los diferentes institutos solicitaran al gobernador del estado, Julio Menchaca Salazar, su apoyo para fungir como mediador en las mesas de negociaci\u00f3n.<\/p>\n","protected":false},"excerpt":{"rendered":"<p>A trav\u00e9s de un comunicado, la Universidad Aut\u00f3noma del Estado de Hidalgo (UAEH), dej\u00f3 en claro que los asuntos de la m\u00e1xima casa de estudios se resuelve al interior de la misma. Lo anterior, luego que estudiantes representantes de los diferentes institutos solicitaran al gobernador del estado, Julio Menchaca Salazar, su apoyo para fungir como [&hellip;]<\/p>\n","protected":false},"author":93,"featured_media":286427,"comment_status":"closed","ping_status":"closed","sticky":false,"template":"","format":"standard","meta":{"footnotes":""},"categories":[15,59],"tags":[],"class_list":["post-286426","post","type-post","status-publish","format-standard","has-post-thumbnail","hentry","category-destacadas","category-general"],"_links":{"self":[{"href":"https:\/\/plazajuarez.mx\/historico\/wp-json\/wp\/v2\/posts\/286426","targetHints":{"allow":["GET"]}}],"collection":[{"href":"https:\/\/plazajuarez.mx\/historico\/wp-json\/wp\/v2\/posts"}],"about":[{"href":"https:\/\/plazajuarez.mx\/historico\/wp-json\/wp\/v2\/types\/post"}],"author":[{"embeddable":true,"href":"https:\/\/plazajuarez.mx\/historico\/wp-json\/wp\/v2\/users\/93"}],"replies":[{"embeddable":true,"href":"https:\/\/plazajuarez.mx\/historico\/wp-json\/wp\/v2\/comments?post=286426"}],"version-history":[{"count":0,"href":"https:\/\/plazajuarez.mx\/historico\/wp-json\/wp\/v2\/posts\/286426\/revisions"}],"wp:featuredmedia":[{"embeddable":true,"href":"https:\/\/plazajuarez.mx\/historico\/wp-json\/wp\/v2\/media\/286427"}],"wp:attachment":[{"href":"https:\/\/plazajuarez.mx\/historico\/wp-json\/wp\/v2\/media?parent=286426"}],"wp:term":[{"taxonomy":"category","embeddable":true,"href":"https:\/\/plazajuarez.mx\/historico\/wp-json\/wp\/v2\/categories?post=286426"},{"taxonomy":"post_tag","embeddable":true,"href":"https:\/\/plazajuarez.mx\/historico\/wp-json\/wp\/v2\/tags?post=286426"}],"curies":[{"name":"wp","href":"https:\/\/api.w.org\/{rel}","templated":true}]}}