{"id":286414,"date":"2023-10-20T16:56:11","date_gmt":"2023-10-20T22:56:11","guid":{"rendered":"https:\/\/plazajuarez.mx\/?p=286414"},"modified":"2023-10-20T16:56:13","modified_gmt":"2023-10-20T22:56:13","slug":"todo-listo-para-la-decima-edicion-del-festival-poeticas-jovenes","status":"publish","type":"post","link":"https:\/\/plazajuarez.mx\/historico\/todo-listo-para-la-decima-edicion-del-festival-poeticas-jovenes\/","title":{"rendered":"Todo listo para la D\u00e9cima edici\u00f3n del Festival Po\u00e9ticas J\u00f3venes"},"content":{"rendered":"\n<p>El pr\u00f3ximo domingo 22 de octubre, con la puesta en escena \u201cUna historia del diablo, de Don Nigro\u201d, mon\u00f3logo actuado por la reconocida actriz Tato Alexander, iniciar\u00e1 alrededor de las 18 horas, la d\u00e9cima edici\u00f3n del Festival Po\u00e9ticas J\u00f3venes en el Auditorio Juli\u00e1n Carrillo de Apan.<\/p>\n\n\n\n<p>En esta ocasi\u00f3n, el festival ofrece su habitual Seminario Nacional de Creaci\u00f3n de Espect\u00e1culos para Adolescentes, donde llegar\u00e1n profesionales del arte esc\u00e9nico provenientes de 9 entidades federativas para debatir y conjeturar el futuro del teatro, la danza y la interdisciplina para j\u00f3venes de la mano de los maestros Nicol\u00e1s Nu\u00f1ez, Maribel Carrasco y Enrique Olmos.<\/p>\n\n\n\n<p>Igualmente se llevar\u00e1n a cabo dos conversatorios p\u00fablicos e internacionales que ser\u00e1n visibles a trav\u00e9s de las redes sociales de la compa\u00f1\u00eda Neurodrama AC donde se debatir\u00e1 con especialistas de Argentina, Costa Rica, Espa\u00f1a y M\u00e9xico si el consumo de ficci\u00f3n es adictivo, adem\u00e1s del futuro de la cr\u00edtica teatral iberoamericana.<\/p>\n\n\n\n<p>Tambi\u00e9n habr\u00e1 puestas en escena en diversos puntos de la regi\u00f3n, por ejemplo, se presentar\u00e1 la obra de teatro \u201cKoe\u201d, acerca del Trastorno L\u00edmite de Personalidad o Borderline, tambi\u00e9n la obra de teatro multidisciplinaria \u201cGen\u201d que cuenta tres historias de j\u00f3venes unidos por un videojuego y la obra de teatro \u201cVirgo\u201d acerca de las primeras veces en los adolescentes.<\/p>\n\n\n\n<p>Igualmente se ofrece la puesta en escena \u201cEl ni\u00f1o que se comi\u00f3 la servilleta de su s\u00e1ndwich\u201d pieza acerca de la soledad y el miedo en la pubertad; \u201cMatrioskas: Reivindicaci\u00f3n del silencio transgeneracional\u201d, que es una puesta en escena biogr\u00e1fica; finalmente desde Yucat\u00e1n \u201cM\u00e1quina mundo: Barbie\u201d, que es una puesta en escena interpretada por una actriz y Alexa, la asistente virtual.<\/p>\n\n\n\n<p>Por otra parte, se ha programado un encuentro de poetas del estado de Hidalgo el s\u00e1bado 28 de octubre a las 18 horas en el Centro Cultural Arnulfo Dur\u00e1n Jim\u00e9nez de Apan, Hidalgo, con micr\u00f3fono abierto para quienes quieran leer sus poemas y finalmente el concierto de clausura del festival con la presentaci\u00f3n del grupo Las Luz y Fuerza, espect\u00e1culo de cumbia cabaret ese mismo d\u00eda en La Estaci\u00f3n a las 20:00 horas.<\/p>\n\n\n\n<p>Cabe destacar que el Festival Po\u00e9ticas J\u00f3venes, especializado en p\u00fablico joven y adolescentes, comenz\u00f3 en la ciudad de Pachuca y con el traslado de la compa\u00f1\u00eda hacia el Altiplano se radic\u00f3 en los municipios de Apan y Tepeapulco el festival de artes esc\u00e9nicas m\u00e1s importante del estado y uno de los m\u00e1s longevos del pa\u00eds con 10 a\u00f1os de trayectoria, este a\u00f1o es impulsado por la compa\u00f1\u00eda \u201cNeurodrama A.C.\u201d, y respaldado por la Secretar\u00eda de Cultura federal a trav\u00e9s de la Direcci\u00f3n de Festivales con el est\u00edmulo Profest y el Ayuntamiento de Apan.<\/p>\n","protected":false},"excerpt":{"rendered":"<p>El pr\u00f3ximo domingo 22 de octubre, con la puesta en escena \u201cUna historia del diablo, de Don Nigro\u201d, mon\u00f3logo actuado por la reconocida actriz Tato Alexander, iniciar\u00e1 alrededor de las 18 horas, la d\u00e9cima edici\u00f3n del Festival Po\u00e9ticas J\u00f3venes en el Auditorio Juli\u00e1n Carrillo de Apan. En esta ocasi\u00f3n, el festival ofrece su habitual Seminario [&hellip;]<\/p>\n","protected":false},"author":93,"featured_media":286415,"comment_status":"closed","ping_status":"closed","sticky":false,"template":"","format":"standard","meta":{"footnotes":""},"categories":[15,59,40],"tags":[],"class_list":["post-286414","post","type-post","status-publish","format-standard","has-post-thumbnail","hentry","category-destacadas","category-general","category-region"],"_links":{"self":[{"href":"https:\/\/plazajuarez.mx\/historico\/wp-json\/wp\/v2\/posts\/286414","targetHints":{"allow":["GET"]}}],"collection":[{"href":"https:\/\/plazajuarez.mx\/historico\/wp-json\/wp\/v2\/posts"}],"about":[{"href":"https:\/\/plazajuarez.mx\/historico\/wp-json\/wp\/v2\/types\/post"}],"author":[{"embeddable":true,"href":"https:\/\/plazajuarez.mx\/historico\/wp-json\/wp\/v2\/users\/93"}],"replies":[{"embeddable":true,"href":"https:\/\/plazajuarez.mx\/historico\/wp-json\/wp\/v2\/comments?post=286414"}],"version-history":[{"count":0,"href":"https:\/\/plazajuarez.mx\/historico\/wp-json\/wp\/v2\/posts\/286414\/revisions"}],"wp:featuredmedia":[{"embeddable":true,"href":"https:\/\/plazajuarez.mx\/historico\/wp-json\/wp\/v2\/media\/286415"}],"wp:attachment":[{"href":"https:\/\/plazajuarez.mx\/historico\/wp-json\/wp\/v2\/media?parent=286414"}],"wp:term":[{"taxonomy":"category","embeddable":true,"href":"https:\/\/plazajuarez.mx\/historico\/wp-json\/wp\/v2\/categories?post=286414"},{"taxonomy":"post_tag","embeddable":true,"href":"https:\/\/plazajuarez.mx\/historico\/wp-json\/wp\/v2\/tags?post=286414"}],"curies":[{"name":"wp","href":"https:\/\/api.w.org\/{rel}","templated":true}]}}