{"id":286402,"date":"2023-10-20T08:44:53","date_gmt":"2023-10-20T14:44:53","guid":{"rendered":"https:\/\/plazajuarez.mx\/?p=286402"},"modified":"2023-10-20T08:44:55","modified_gmt":"2023-10-20T14:44:55","slug":"campana-de-recoleccion-de-residuos-electronicos-en-la-floresta-y-poligonos","status":"publish","type":"post","link":"https:\/\/plazajuarez.mx\/historico\/campana-de-recoleccion-de-residuos-electronicos-en-la-floresta-y-poligonos\/","title":{"rendered":"Campa\u00f1a de recolecci\u00f3n de residuos electr\u00f3nicos en la Floresta y pol\u00edgonos\u00a0"},"content":{"rendered":"\n<p><strong>TULANCINGO.<\/strong>&#8211; El director de Medio Ambiente en Tulancingo, F\u00e9lix Ch\u00e1vez San Juan, inform\u00f3 que est\u00e1 en puerta una importante campa\u00f1a de recolecci\u00f3n, la cual se enmarca en el D\u00eda Internacional de los Residuos Electr\u00f3nicos.<\/p>\n\n\n\n<p>El funcionario municipal inform\u00f3 que con horario de 9:00 a 16:00 horas, la velar\u00eda del jard\u00edn la Floresta y los denominados pol\u00edgonos, ser\u00e1n punto de acopio para m\u00e1s de 30&nbsp; tipos de enseres&nbsp; y as\u00ed&nbsp; evitar que se conviertan en basura electr\u00f3nica.<\/p>\n\n\n\n<p>La campa\u00f1a se desarrollar\u00e1 del 25 al 31 de octubre, con el prop\u00f3sito de garantizar una disposici\u00f3n adecuada a aditamentos cuyos componentes de fabricaci\u00f3n sean de un manejo especial y por ello deben canalizarse a empresas especializadas para su manejo final.<\/p>\n\n\n\n<p>La meta para esta campa\u00f1a denominada Reciclando Transformamos Hidalgo, son dos toneladas de residuos electr\u00f3nicos tales como: celulares, computadoras, discos duros, conmutadores, consolas de videojuegos, microondas, planchas, cafeteras, c\u00e1maras fotogr\u00e1ficas, licuadoras, entre otros.<\/p>\n\n\n\n<p>En caso de una entrega significativa, la poblaci\u00f3n podr\u00e1 comunicarse con la direcci\u00f3n de medio ambiente al tel\u00e9fono 775 75 5 84 50 extensi\u00f3n 2143 y de esta manera acudir hasta los domicilios.<\/p>\n\n\n\n<p>En esta administraci\u00f3n que encabeza el presidente Jorge M\u00e1rquez Alvarado, al menos tres campa\u00f1as para recolecci\u00f3n de residuos electr\u00f3nicos se han realizado, para ofrecer a la poblaci\u00f3n medios de disposici\u00f3n adecuados al material que muchas veces no tiene posibilidad de repararse y recuperar su funcionalidad.<\/p>\n","protected":false},"excerpt":{"rendered":"<p>TULANCINGO.&#8211; El director de Medio Ambiente en Tulancingo, F\u00e9lix Ch\u00e1vez San Juan, inform\u00f3 que est\u00e1 en puerta una importante campa\u00f1a de recolecci\u00f3n, la cual se enmarca en el D\u00eda Internacional de los Residuos Electr\u00f3nicos. El funcionario municipal inform\u00f3 que con horario de 9:00 a 16:00 horas, la velar\u00eda del jard\u00edn la Floresta y los denominados [&hellip;]<\/p>\n","protected":false},"author":93,"featured_media":286406,"comment_status":"closed","ping_status":"closed","sticky":false,"template":"","format":"standard","meta":{"footnotes":""},"categories":[2159,40],"tags":[],"class_list":["post-286402","post","type-post","status-publish","format-standard","has-post-thumbnail","hentry","category-noticias-de-hidalgo","category-region"],"_links":{"self":[{"href":"https:\/\/plazajuarez.mx\/historico\/wp-json\/wp\/v2\/posts\/286402","targetHints":{"allow":["GET"]}}],"collection":[{"href":"https:\/\/plazajuarez.mx\/historico\/wp-json\/wp\/v2\/posts"}],"about":[{"href":"https:\/\/plazajuarez.mx\/historico\/wp-json\/wp\/v2\/types\/post"}],"author":[{"embeddable":true,"href":"https:\/\/plazajuarez.mx\/historico\/wp-json\/wp\/v2\/users\/93"}],"replies":[{"embeddable":true,"href":"https:\/\/plazajuarez.mx\/historico\/wp-json\/wp\/v2\/comments?post=286402"}],"version-history":[{"count":0,"href":"https:\/\/plazajuarez.mx\/historico\/wp-json\/wp\/v2\/posts\/286402\/revisions"}],"wp:featuredmedia":[{"embeddable":true,"href":"https:\/\/plazajuarez.mx\/historico\/wp-json\/wp\/v2\/media\/286406"}],"wp:attachment":[{"href":"https:\/\/plazajuarez.mx\/historico\/wp-json\/wp\/v2\/media?parent=286402"}],"wp:term":[{"taxonomy":"category","embeddable":true,"href":"https:\/\/plazajuarez.mx\/historico\/wp-json\/wp\/v2\/categories?post=286402"},{"taxonomy":"post_tag","embeddable":true,"href":"https:\/\/plazajuarez.mx\/historico\/wp-json\/wp\/v2\/tags?post=286402"}],"curies":[{"name":"wp","href":"https:\/\/api.w.org\/{rel}","templated":true}]}}