{"id":286393,"date":"2023-10-20T07:31:16","date_gmt":"2023-10-20T13:31:16","guid":{"rendered":"https:\/\/plazajuarez.mx\/?p=286393"},"modified":"2023-10-20T07:31:19","modified_gmt":"2023-10-20T13:31:19","slug":"regidores-piden-transparentar-proyecto-de-relleno-sanitario-en-actopan","status":"publish","type":"post","link":"https:\/\/plazajuarez.mx\/historico\/regidores-piden-transparentar-proyecto-de-relleno-sanitario-en-actopan\/","title":{"rendered":"Regidores piden transparentar proyecto de relleno sanitario en Actopan\u00a0"},"content":{"rendered":"\n<p><strong>ACTOPAN<\/strong>.- Regidores de todos los partidos pol\u00edticos, han pedido a la presidenta municipal, Tatiana \u00c1ngeles Moreno, informar sobre la ubicaci\u00f3n del nuevo terreno que servir\u00eda como relleno sanitario y que ha sido aceptado por la Secretar\u00eda del Medio Ambiente y Recursos Naturales de Hidalgo (SEMARNATH).\u00a0<\/p>\n\n\n\n<p>Seg\u00fan la alcaldesa, tras aceptarse la propuesta, se est\u00e1n cumpliendo con todas las necesidades y requisitos solicitados por la autoridad ambiental, con el prop\u00f3sito de garantizar que este proyecto realmente sea viable y no se rechace.&nbsp;<\/p>\n\n\n\n<p>Cabe se\u00f1alar, que de acuerdo a la alcald\u00eda, el municipio produce diariamente unas 100 toneladas de residuos s\u00f3lidos urbanos y anualmente se destinan un promedio de 20 millones de pesos para el tratamiento de la basura, la cual es trasladada&nbsp; a Tula.<\/p>\n\n\n\n<p>El municipio, desde diciembre del 2020, comenz\u00f3 con el cierre definitivo de su relleno sanitario y aunque se han buscado otras alternativas, la oposici\u00f3n social ha impedido que esto se pueda concretar.<\/p>\n","protected":false},"excerpt":{"rendered":"<p>ACTOPAN.- Regidores de todos los partidos pol\u00edticos, han pedido a la presidenta municipal, Tatiana \u00c1ngeles Moreno, informar sobre la ubicaci\u00f3n del nuevo terreno que servir\u00eda como relleno sanitario y que ha sido aceptado por la Secretar\u00eda del Medio Ambiente y Recursos Naturales de Hidalgo (SEMARNATH).\u00a0 Seg\u00fan la alcaldesa, tras aceptarse la propuesta, se est\u00e1n cumpliendo [&hellip;]<\/p>\n","protected":false},"author":75,"featured_media":286400,"comment_status":"closed","ping_status":"closed","sticky":false,"template":"","format":"standard","meta":{"footnotes":""},"categories":[2159,40],"tags":[],"class_list":["post-286393","post","type-post","status-publish","format-standard","has-post-thumbnail","hentry","category-noticias-de-hidalgo","category-region"],"_links":{"self":[{"href":"https:\/\/plazajuarez.mx\/historico\/wp-json\/wp\/v2\/posts\/286393","targetHints":{"allow":["GET"]}}],"collection":[{"href":"https:\/\/plazajuarez.mx\/historico\/wp-json\/wp\/v2\/posts"}],"about":[{"href":"https:\/\/plazajuarez.mx\/historico\/wp-json\/wp\/v2\/types\/post"}],"author":[{"embeddable":true,"href":"https:\/\/plazajuarez.mx\/historico\/wp-json\/wp\/v2\/users\/75"}],"replies":[{"embeddable":true,"href":"https:\/\/plazajuarez.mx\/historico\/wp-json\/wp\/v2\/comments?post=286393"}],"version-history":[{"count":0,"href":"https:\/\/plazajuarez.mx\/historico\/wp-json\/wp\/v2\/posts\/286393\/revisions"}],"wp:featuredmedia":[{"embeddable":true,"href":"https:\/\/plazajuarez.mx\/historico\/wp-json\/wp\/v2\/media\/286400"}],"wp:attachment":[{"href":"https:\/\/plazajuarez.mx\/historico\/wp-json\/wp\/v2\/media?parent=286393"}],"wp:term":[{"taxonomy":"category","embeddable":true,"href":"https:\/\/plazajuarez.mx\/historico\/wp-json\/wp\/v2\/categories?post=286393"},{"taxonomy":"post_tag","embeddable":true,"href":"https:\/\/plazajuarez.mx\/historico\/wp-json\/wp\/v2\/tags?post=286393"}],"curies":[{"name":"wp","href":"https:\/\/api.w.org\/{rel}","templated":true}]}}