{"id":286391,"date":"2023-10-20T07:30:50","date_gmt":"2023-10-20T13:30:50","guid":{"rendered":"https:\/\/plazajuarez.mx\/?p=286391"},"modified":"2023-10-20T07:30:51","modified_gmt":"2023-10-20T13:30:51","slug":"sindica-se-defiende-tras-ser-suspendida-de-su-cargo","status":"publish","type":"post","link":"https:\/\/plazajuarez.mx\/historico\/sindica-se-defiende-tras-ser-suspendida-de-su-cargo\/","title":{"rendered":"S\u00edndica se defiende tras ser suspendida de su cargo"},"content":{"rendered":"\n<p><strong>FRANCISCO I. MADERO<\/strong>.- La s\u00edndica de Francisco I. Madero, A\u00edda Olvera Perc\u00e1stegui, habl\u00f3 en p\u00fablico luego de ser suspendida de sus funciones, por una investigaci\u00f3n por dejar de hacer la defensa de una demanda de laudos que obliga al municipio a pagar m\u00e1s de 40 millones de pesos a 90 trabajadores sindicalizados al servicio del municipio.\u00a0<\/p>\n\n\n\n<p>De acuerdo a la s\u00edndica, ya fue notificada para ser separada de su cargo y el embate se debe a que no ha aceptado firmar documentos de la cuenta p\u00fablica, asimismo, la asignaci\u00f3n de recursos p\u00fablicos de los que ella no tiene conocimiento sobre su aplicaci\u00f3n.&nbsp;<\/p>\n\n\n\n<p>Sin embargo, la alcald\u00eda a trav\u00e9s del tablero notificador, dio a conocer que a la s\u00edndica se le inform\u00f3 las razones del por qu\u00e9 ser\u00eda suspendida de sus funciones. Ahora ser\u00e1 llamada a su suplente para que sea quien cubra sus funciones.&nbsp;<\/p>\n\n\n\n<p>La s\u00edndica, ha sido acusada de no dar la defensa legal en torno al proceso de laudos, donde actualmente se estar\u00edan pagando unos 60 millones de pesos, debido a que las demandas a\u00fan no han concluido.<\/p>\n\n\n\n<p>En este sentido, se ha informado que a lo mucho lo que el gobierno municipal podr\u00e1 hacer es tramitar amparos para que se siga postergando la ejecuci\u00f3n de la sentencia, la cual representar\u00e1 un grave da\u00f1o al erario y se tendr\u00eda que dejar al municipio sin obra p\u00fablica por varios a\u00f1os para cubrir estas responsabilidades.&nbsp;<\/p>\n","protected":false},"excerpt":{"rendered":"<p>FRANCISCO I. MADERO.- La s\u00edndica de Francisco I. Madero, A\u00edda Olvera Perc\u00e1stegui, habl\u00f3 en p\u00fablico luego de ser suspendida de sus funciones, por una investigaci\u00f3n por dejar de hacer la defensa de una demanda de laudos que obliga al municipio a pagar m\u00e1s de 40 millones de pesos a 90 trabajadores sindicalizados al servicio del [&hellip;]<\/p>\n","protected":false},"author":75,"featured_media":286398,"comment_status":"closed","ping_status":"closed","sticky":false,"template":"","format":"standard","meta":{"footnotes":""},"categories":[2159,40],"tags":[],"class_list":["post-286391","post","type-post","status-publish","format-standard","has-post-thumbnail","hentry","category-noticias-de-hidalgo","category-region"],"_links":{"self":[{"href":"https:\/\/plazajuarez.mx\/historico\/wp-json\/wp\/v2\/posts\/286391","targetHints":{"allow":["GET"]}}],"collection":[{"href":"https:\/\/plazajuarez.mx\/historico\/wp-json\/wp\/v2\/posts"}],"about":[{"href":"https:\/\/plazajuarez.mx\/historico\/wp-json\/wp\/v2\/types\/post"}],"author":[{"embeddable":true,"href":"https:\/\/plazajuarez.mx\/historico\/wp-json\/wp\/v2\/users\/75"}],"replies":[{"embeddable":true,"href":"https:\/\/plazajuarez.mx\/historico\/wp-json\/wp\/v2\/comments?post=286391"}],"version-history":[{"count":0,"href":"https:\/\/plazajuarez.mx\/historico\/wp-json\/wp\/v2\/posts\/286391\/revisions"}],"wp:featuredmedia":[{"embeddable":true,"href":"https:\/\/plazajuarez.mx\/historico\/wp-json\/wp\/v2\/media\/286398"}],"wp:attachment":[{"href":"https:\/\/plazajuarez.mx\/historico\/wp-json\/wp\/v2\/media?parent=286391"}],"wp:term":[{"taxonomy":"category","embeddable":true,"href":"https:\/\/plazajuarez.mx\/historico\/wp-json\/wp\/v2\/categories?post=286391"},{"taxonomy":"post_tag","embeddable":true,"href":"https:\/\/plazajuarez.mx\/historico\/wp-json\/wp\/v2\/tags?post=286391"}],"curies":[{"name":"wp","href":"https:\/\/api.w.org\/{rel}","templated":true}]}}