{"id":286366,"date":"2023-10-20T11:58:53","date_gmt":"2023-10-20T17:58:53","guid":{"rendered":"https:\/\/plazajuarez.mx\/?p=286366"},"modified":"2023-10-20T11:58:59","modified_gmt":"2023-10-20T17:58:59","slug":"la-nave-del-olvido-comerciantes-tendran-perdidas-por-presunta-negligencia-de-la-operadora-de-eventos","status":"publish","type":"post","link":"https:\/\/plazajuarez.mx\/historico\/la-nave-del-olvido-comerciantes-tendran-perdidas-por-presunta-negligencia-de-la-operadora-de-eventos\/","title":{"rendered":"La nave del olvido: comerciantes tendr\u00e1n p\u00e9rdidas por presunta negligencia de la Operadora de Eventos\u00a0"},"content":{"rendered":"\n<p>Con cobros de entre 20 y 30 mil pesos y varias faltas cometidas por la Operadora de Eventos del Estado de Hidalgo, los comerciantes de la Nave B de la Expo Feria San Francisco, Pachuca Hidalgo 2023, ven cada d\u00eda m\u00e1s imposible que puedan alcanzar alguna ganancia por la renta de locales en este espacio que desde un inicio present\u00f3 inconsistencias que no fueron atendidas.\u00a0<\/p>\n\n\n\n<p>De acuerdo con los comerciantes instalados en el espacio m\u00e1s l\u00fagubre y abandonado, las inconsistencias se dieron desde el primer d\u00eda de la feria ya que la Operadora de Eventos ocult\u00f3 que no hab\u00eda terminado varias obras al interior del recinto ferial, raz\u00f3n por la cual, presuntamente, no llevaron a Julio Menchaca Salazar, gobernador de Hidalgo,\u00a0 a la \u201cnave del olvido\u201d, nombre con el que ahora los comerciantes ubican a la Nave B de la feria.<\/p>\n\n\n\n<p><strong>Especulaci\u00f3n&nbsp;<\/strong><\/p>\n\n\n\n<p>Como primer t\u00e9rmino destacaron que al intentar contratar un espacio, los organizadores especularon con el lugar, ya que aseguraban que estaba completamente lleno y luego les hablaban para decirles que hab\u00eda un espacio pero que tendr\u00eda un costo de 30 mil pesos; sin embargo, conforme pas\u00f3 el tiempo y al ver que su especulaci\u00f3n no funcion\u00f3 dieron otros lugares entre 25 y 20 mil pesos.<\/p>\n\n\n\n<p>Lo anterior dio inicio al calvario que han tenido que enfrentarse los vendedores de esta nave comercial, ya que aunado a los precios, no se garantizaron los servicios, e incluso estuvo a punto de ocurrir una tragedia debido a que no se hab\u00edan abierto las puertas de emergencia, raz\u00f3n por la que una madre de familia tuvo que brincar por la parte de atr\u00e1s para salvar a su hijo que estaba al borde de la asfixia.&nbsp;<\/p>\n\n\n\n<p><strong>Gran parte de la nave se qued\u00f3 vac\u00eda&nbsp;<\/strong><\/p>\n\n\n\n<p>\u201cNosotros reclamamos desde el inicio, no ten\u00edamos luz, no estaban abiertas las salidas de emergencia y aqu\u00ed los compa\u00f1eros pueden atestiguar que nos aseguraron que todo el espacio estaba lleno y como puede ver hoy a unos d\u00edas de que acabe la feria, nunca se llenaron esos espacios, es m\u00e1s, mejor trajeron esos juegos mec\u00e1nicos gratis para medio llenar porque seg\u00fan eran 130 espacios y si cuenta somos como 30 comerciantes\u201d, exclam\u00f3 uno de los inconformes.<\/p>\n\n\n\n<p><strong>M\u00f3dulos de gobierno generaron descontento&nbsp;<\/strong><\/p>\n\n\n\n<p>Por otra parte, calificaron de \u201cin\u00fatiles\u201d los m\u00f3dulos de atenci\u00f3n que instalaron diversas dependencias en la nave dos, ya que aseguraron que m\u00e1s que atraer a la gente la alejan y eso genera que no haya flujo de clientes en la zona, aunque reconocieron que la pista de hielo atrajo un poco m\u00e1s de gente; sin embargo, fue abierta muy tarde y hasta el momento es m\u00ednima la concurrencia en comparaci\u00f3n con el pabell\u00f3n artesanal y la nave comercial A.\u00a0<\/p>\n\n\n\n<p>\u201cEsos espacios de gobierno son in\u00fatiles, ni para atender las quejas que tuvimos aqu\u00ed sirvieron, y es molesto y frustrante que nuestros impuestos se derrochen en este tipo de cosas, porque vaya a ver, todos tienen alfombra, todos est\u00e1n personalizados, y adem\u00e1s la gente que est\u00e1 ah\u00ed deber\u00eda estar trabajando en oficinas no aqu\u00ed perdiendo el tiempo, venga a cualquier hora y as\u00ed como los ve ahora as\u00ed est\u00e1n todo el d\u00eda\u201d, dijo otro de los inconformes.&nbsp;<\/p>\n\n\n\n<p><strong>No salen las cuentas&nbsp;<\/strong><\/p>\n\n\n\n<p>Los comerciantes se\u00f1alaron que si se toma la media de 25 mil pesos de pago por el espacio para los 25 d\u00edas de feria, es un estimado de mil pesos por d\u00eda, cifra que ni siquiera sacan en ganancias, por lo que varios de los expositores ya han comenzado a ver que este a\u00f1o ser\u00e1 de p\u00e9rdidas.<\/p>\n\n\n\n<p>\u201cImag\u00ednese, uno lleg\u00f3 aqu\u00ed creyendo que el espacio ser\u00eda bueno, que por el precio estar\u00edan ocupados todos los cub\u00edculos, pero no. Y cuando la gente ve que est\u00e1 vac\u00edo o que hay muchos de esos m\u00f3dulos de gobierno ni siquiera quieren recorrer esta zona, el compa\u00f1ero de all\u00e1 atr\u00e1s tiene que salir para ver si vende algo\u201d, dijo uno m\u00e1s para Diario Plaza Ju\u00e1rez.<\/p>\n\n\n\n<p>De igual forma diario han tenido que pagar el estacionamiento, por lo que en 25 d\u00edas de feria habr\u00e1n desembolsado al menos 2 mil pesos.<\/p>\n\n\n\n<p><strong>No fueron tomados en cuenta<\/strong><\/p>\n\n\n\n<p>En otro tema apuntaron que se han dado una serie de situaciones de las que se han enterado por otros compa\u00f1eros al interior de la feria, por ejemplo, un d\u00eda que no los dejaban meter sus mercanc\u00edas. En la entrada, el de seguridad les mencion\u00f3 que se hab\u00edan cambiado los horarios de ingreso de mercanc\u00eda sin que nadie les notificara nada. \u201cLa Operadora de Eventos ha quedado mal desde el inicio, con el personal extranjero que ten\u00eda y que quer\u00edan dar \u00f3rdenes a todos, no s\u00e9 si eran colombianos, pero ten\u00edan acento suramericano\u201d.<\/p>\n\n\n\n<p><strong>Liz Quintanar s\u00f3lo est\u00e1 para entrevistas&nbsp;<\/strong><\/p>\n\n\n\n<p>Al ser interrogados por el actuar de Elizabeth Quintanar G\u00f3mez, titular de la Secretar\u00eda de Turismo, se\u00f1alaron que la funcionaria p\u00fablica estaba m\u00e1s concentrada en hacer videos o acudir a entrevistas que en atender sus peticiones, y destacaron que si no hubiera sido porque la confrontaron previo a que medios de comunicaci\u00f3n le hicieran una entrevista, ella no hubiera acudido por s\u00ed sola a atender a los comerciantes.<\/p>\n\n\n\n<p>\u201cElla debe saber que esta nave qued\u00f3 en el olvido, que no entregaron lo que prometieron y que fallaron este a\u00f1o. Si no fuera as\u00ed, a ver porque no trajeron al gobernador a ver esta \u00e1rea. Porque sab\u00edan los pendientes que ten\u00edan y muchos que dejaron porque no terminaron de habilitar este espacio y todo esto nos perjudic\u00f3 a nosotros\u201d, expuso otra persona.&nbsp;<\/p>\n\n\n\n<p><strong>La molestia se extiende a otras \u00e1reas&nbsp;<\/strong><\/p>\n\n\n\n<p>La gesti\u00f3n de Marco Antonio Aranz\u00e1bal Ju\u00e1rez al frente de la Operadora de Eventos, no ha sido cuestionada s\u00f3lo por los comerciantes de la nave del olvido, sino por otras \u00e1reas ya que, por ejemplo: los comerciantes no pueden ingresar sus alimentos ni sus propias bebidas, todo debe ser comprado al interior; son esculcados \u201ccomo si fu\u00e9ramos delincuentes\u201d en cada ingreso; debemos pagar 10 pesos diarios por uso del ba\u00f1o; este a\u00f1o no dejaron meter carros y tienen que cargar su mercanc\u00eda hasta las naves.<\/p>\n","protected":false},"excerpt":{"rendered":"<p>Con cobros de entre 20 y 30 mil pesos y varias faltas cometidas por la Operadora de Eventos del Estado de Hidalgo, los comerciantes de la Nave B de la Expo Feria San Francisco, Pachuca Hidalgo 2023, ven cada d\u00eda m\u00e1s imposible que puedan alcanzar alguna ganancia por la renta de locales en este espacio [&hellip;]<\/p>\n","protected":false},"author":72,"featured_media":286373,"comment_status":"closed","ping_status":"closed","sticky":false,"template":"","format":"standard","meta":{"footnotes":""},"categories":[15,59],"tags":[],"class_list":["post-286366","post","type-post","status-publish","format-standard","has-post-thumbnail","hentry","category-destacadas","category-general"],"_links":{"self":[{"href":"https:\/\/plazajuarez.mx\/historico\/wp-json\/wp\/v2\/posts\/286366","targetHints":{"allow":["GET"]}}],"collection":[{"href":"https:\/\/plazajuarez.mx\/historico\/wp-json\/wp\/v2\/posts"}],"about":[{"href":"https:\/\/plazajuarez.mx\/historico\/wp-json\/wp\/v2\/types\/post"}],"author":[{"embeddable":true,"href":"https:\/\/plazajuarez.mx\/historico\/wp-json\/wp\/v2\/users\/72"}],"replies":[{"embeddable":true,"href":"https:\/\/plazajuarez.mx\/historico\/wp-json\/wp\/v2\/comments?post=286366"}],"version-history":[{"count":0,"href":"https:\/\/plazajuarez.mx\/historico\/wp-json\/wp\/v2\/posts\/286366\/revisions"}],"wp:featuredmedia":[{"embeddable":true,"href":"https:\/\/plazajuarez.mx\/historico\/wp-json\/wp\/v2\/media\/286373"}],"wp:attachment":[{"href":"https:\/\/plazajuarez.mx\/historico\/wp-json\/wp\/v2\/media?parent=286366"}],"wp:term":[{"taxonomy":"category","embeddable":true,"href":"https:\/\/plazajuarez.mx\/historico\/wp-json\/wp\/v2\/categories?post=286366"},{"taxonomy":"post_tag","embeddable":true,"href":"https:\/\/plazajuarez.mx\/historico\/wp-json\/wp\/v2\/tags?post=286366"}],"curies":[{"name":"wp","href":"https:\/\/api.w.org\/{rel}","templated":true}]}}