{"id":28632,"date":"2016-09-19T13:16:40","date_gmt":"2016-09-19T13:16:40","guid":{"rendered":"http:\/\/plazajuarez.mx\/index\/index.php\/2016\/09\/19\/futbol-nacional-538\/"},"modified":"2016-09-19T13:16:40","modified_gmt":"2016-09-19T13:16:40","slug":"futbol-nacional-538","status":"publish","type":"post","link":"https:\/\/plazajuarez.mx\/historico\/futbol-nacional-538\/","title":{"rendered":"Futbol Nacional"},"content":{"rendered":"<p>#CHIVAS<br \/>\u201cNo son v\u00edctima de nadie\u201d: Marco Bueno <br \/>&#8211; El jugador rechaz\u00f3 que para el pr\u00f3ximo martes, en el duelo ante Tigres, el equipo de Guadalajara llegue en calidad de v\u00edctimas<\/p>\n<p>  <!--more-->  <\/p>\n<p>El delantero del Guadalajara, Marco Bueno, rechaz\u00f3 por completo que los rojiblancos lleguen en calidad de v\u00edctimas al encuentro ante Tigres del pr\u00f3ximo martes en el Estadio Chivas, en virtud de las n\u00f3minas de ambos equipos y los resultados que se han conseguido.<br \/>\u201cChivas no es v\u00edctima de nadie, Chivas es un equipo muy grande, nos hemos ganado el respeto de todos los equipos entonces tambi\u00e9n ellos se deben de preocupar por nosotros&#8221;, asegur\u00f3 el delantero tambi\u00e9n conocido como el Canelo.<br \/>Marco Bueno tuvo poca participaci\u00f3n en el plantel de Chivas, pero espera adaptarse r\u00e1pido, pese a que ya se fue la mitad del torneo. Quiere anotar gol con la camiseta rojiblanca.<br \/>&#8220;Me voy adaptando poco a poco al equipo, tambi\u00e9n pienso que me ha faltado un poco ya meter ese gol para estar tranquilo, estoy trabajando para que llegue lo m\u00e1s pronto posible&#8221;, indic\u00f3 el delantero este domingo.<\/p>\n<p>\u201cChivas no es v\u00edctima de nadie, Chivas es un equipo muy grande, nos hemos ganado el respeto de todos los equipos entonces tambi\u00e9n ellos se deben de preocupar por nosotros&#8221; MARCO BUENO <\/p>\n<p>**************************************************************************+<br \/>#TIGRES <br \/>Qui\u00f1ones y J\u00fcrgen Damm est\u00e1n de vuelta <br \/>&#8211; Ambos se perdieron el duelo ante Puebla.<br \/>Tras presentar lesiones musculares, los jugadores de Tigres, Luis Qui\u00f1ones y J\u00fcrgen Damm, se integraron al trabajo f\u00edsico del equipo, por lo que Tuca podr\u00eda disponer de sus servicios si as\u00ed lo desea.<br \/>Damm y Qui\u00f1ones hab\u00edan estado entrenando por separado, despu\u00e9s el mexicano estuvo hospitalizado por infecci\u00f3n en la pierna, pero de inmediato fue dado de alta; ambos se perdieron el duelo ante Puebla.<br \/>J\u00fcrgen ten\u00eda una molestia en el aductor derecho que le impidi\u00f3 terminar de buena manera el partido contra Morelia de la Jornada 8, luego de haber ingresado de relevo por el Gringo Torres al 66\u2019.<br \/>Mientras que el colombiano padec\u00eda una lesi\u00f3n en la parte posterior del muslo derecho.<br \/>TIGRES SE PREPAR\u00d3 DE CARA A CHIVAS<br \/>Luego del triunfo con Puebla, Tigres trabaj\u00f3 ayer domingo a puerta cerrada en el Volc\u00e1n de cara a la Jornada 10, en la que visitan a Chivas el pr\u00f3ximo martes. <\/p>\n","protected":false},"excerpt":{"rendered":"<p>#CHIVAS\u201cNo son v\u00edctima de nadie\u201d: Marco Bueno &#8211; El jugador rechaz\u00f3 que para el pr\u00f3ximo martes, en el duelo ante Tigres, el equipo de Guadalajara llegue en calidad de v\u00edctimas<\/p>\n","protected":false},"author":93,"featured_media":0,"comment_status":"open","ping_status":"open","sticky":false,"template":"","format":"standard","meta":{"footnotes":""},"categories":[39],"tags":[],"class_list":["post-28632","post","type-post","status-publish","format-standard","hentry","category-deportiva"],"_links":{"self":[{"href":"https:\/\/plazajuarez.mx\/historico\/wp-json\/wp\/v2\/posts\/28632","targetHints":{"allow":["GET"]}}],"collection":[{"href":"https:\/\/plazajuarez.mx\/historico\/wp-json\/wp\/v2\/posts"}],"about":[{"href":"https:\/\/plazajuarez.mx\/historico\/wp-json\/wp\/v2\/types\/post"}],"author":[{"embeddable":true,"href":"https:\/\/plazajuarez.mx\/historico\/wp-json\/wp\/v2\/users\/93"}],"replies":[{"embeddable":true,"href":"https:\/\/plazajuarez.mx\/historico\/wp-json\/wp\/v2\/comments?post=28632"}],"version-history":[{"count":0,"href":"https:\/\/plazajuarez.mx\/historico\/wp-json\/wp\/v2\/posts\/28632\/revisions"}],"wp:attachment":[{"href":"https:\/\/plazajuarez.mx\/historico\/wp-json\/wp\/v2\/media?parent=28632"}],"wp:term":[{"taxonomy":"category","embeddable":true,"href":"https:\/\/plazajuarez.mx\/historico\/wp-json\/wp\/v2\/categories?post=28632"},{"taxonomy":"post_tag","embeddable":true,"href":"https:\/\/plazajuarez.mx\/historico\/wp-json\/wp\/v2\/tags?post=28632"}],"curies":[{"name":"wp","href":"https:\/\/api.w.org\/{rel}","templated":true}]}}