{"id":286312,"date":"2023-10-19T12:07:58","date_gmt":"2023-10-19T18:07:58","guid":{"rendered":"https:\/\/plazajuarez.mx\/?p=286312"},"modified":"2023-10-19T12:08:00","modified_gmt":"2023-10-19T18:08:00","slug":"detienen-a-violador-serial-en-ixmiquilpan","status":"publish","type":"post","link":"https:\/\/plazajuarez.mx\/historico\/detienen-a-violador-serial-en-ixmiquilpan\/","title":{"rendered":"Detienen a violador serial en Ixmiquilpan"},"content":{"rendered":"\n<p>Elementos de la Fiscal\u00eda de la Ciudad de M\u00e9xico, tras meses de investigaci\u00f3n, detuvieron en Ixmiquilpan a trav\u00e9s de un operativo coordinado a Jos\u00e9 Roberto \u201cN\u201d, presunto violador serial, al cual se le relacionan con al menos 12 carpetas de investigaci\u00f3n.<\/p>\n\n\n\n<p>El agresor, contactaba a sus v\u00edctimas mediante una aplicaci\u00f3n de citas de la comunidad LGBT, a las cuales luego de ubicar, era una persona agradable, ofrec\u00eda regalos, posteriormente las llevaba a otros sitios y ah\u00ed las drogaba, violaba, robaba sus pertenencias y antes de irse, les dejaba cartas.<\/p>\n\n\n\n<p>Son por lo menos 12 las v\u00edctimas que iniciaron carpetas de investigaci\u00f3n y luego de varios meses de investigaci\u00f3n, el agresor fue asegurado en Ixmiquilpan y posteriormente trasladado a la Ciudad de M\u00e9xico, donde se definir\u00e1 su situaci\u00f3n jur\u00eddica.<\/p>\n","protected":false},"excerpt":{"rendered":"<p>Elementos de la Fiscal\u00eda de la Ciudad de M\u00e9xico, tras meses de investigaci\u00f3n, detuvieron en Ixmiquilpan a trav\u00e9s de un operativo coordinado a Jos\u00e9 Roberto \u201cN\u201d, presunto violador serial, al cual se le relacionan con al menos 12 carpetas de investigaci\u00f3n. El agresor, contactaba a sus v\u00edctimas mediante una aplicaci\u00f3n de citas de la comunidad [&hellip;]<\/p>\n","protected":false},"author":75,"featured_media":286313,"comment_status":"closed","ping_status":"closed","sticky":false,"template":"","format":"standard","meta":{"footnotes":""},"categories":[37,15,2159,40],"tags":[],"class_list":["post-286312","post","type-post","status-publish","format-standard","has-post-thumbnail","hentry","category-barandilla","category-destacadas","category-noticias-de-hidalgo","category-region"],"_links":{"self":[{"href":"https:\/\/plazajuarez.mx\/historico\/wp-json\/wp\/v2\/posts\/286312","targetHints":{"allow":["GET"]}}],"collection":[{"href":"https:\/\/plazajuarez.mx\/historico\/wp-json\/wp\/v2\/posts"}],"about":[{"href":"https:\/\/plazajuarez.mx\/historico\/wp-json\/wp\/v2\/types\/post"}],"author":[{"embeddable":true,"href":"https:\/\/plazajuarez.mx\/historico\/wp-json\/wp\/v2\/users\/75"}],"replies":[{"embeddable":true,"href":"https:\/\/plazajuarez.mx\/historico\/wp-json\/wp\/v2\/comments?post=286312"}],"version-history":[{"count":0,"href":"https:\/\/plazajuarez.mx\/historico\/wp-json\/wp\/v2\/posts\/286312\/revisions"}],"wp:featuredmedia":[{"embeddable":true,"href":"https:\/\/plazajuarez.mx\/historico\/wp-json\/wp\/v2\/media\/286313"}],"wp:attachment":[{"href":"https:\/\/plazajuarez.mx\/historico\/wp-json\/wp\/v2\/media?parent=286312"}],"wp:term":[{"taxonomy":"category","embeddable":true,"href":"https:\/\/plazajuarez.mx\/historico\/wp-json\/wp\/v2\/categories?post=286312"},{"taxonomy":"post_tag","embeddable":true,"href":"https:\/\/plazajuarez.mx\/historico\/wp-json\/wp\/v2\/tags?post=286312"}],"curies":[{"name":"wp","href":"https:\/\/api.w.org\/{rel}","templated":true}]}}