{"id":286295,"date":"2023-10-19T06:52:15","date_gmt":"2023-10-19T12:52:15","guid":{"rendered":"https:\/\/plazajuarez.mx\/?p=286295"},"modified":"2023-10-19T06:52:17","modified_gmt":"2023-10-19T12:52:17","slug":"jabin-zarco-honrado-por-candidatura-al-premio-estatal-del-deporte","status":"publish","type":"post","link":"https:\/\/plazajuarez.mx\/historico\/jabin-zarco-honrado-por-candidatura-al-premio-estatal-del-deporte\/","title":{"rendered":"Jab\u00edn Zarco, honrado por candidatura al Premio Estatal del Deporte"},"content":{"rendered":"\n<p><strong>TULANCINGO<\/strong>.- El silbante de baloncesto Jab\u00edn Zarco Mendoza, es el \u00fanico tulancinguense nominado al Premio Estatal del Deporte 2023, en el rubro de fomento o impulso a la pr\u00e1ctica del deporte; lo cual consider\u00f3 como un compromiso para seguir trabajando para tener mejores resultados en favor del deporte hidalguense y mexicano.<\/p>\n\n\n\n<p>\u201cLejos de todo, nos compromete a seguir trabajando de manera positiva para que la gente de Hidalgo tenga la visi\u00f3n de mantenerse en la \u00e9lite, en cada una de nuestras ocupaciones en el mundo del deporte\u201d, dijo en entrevista.<\/p>\n\n\n\n<p>\u201cSimplemente creo que ya soy bendecido y me siento muy contento solo con estar en la lista, independientemente de qui\u00e9nes los ganen, yo estoy feliz de haber sido considerado\u201d, asegur\u00f3<\/p>\n\n\n\n<p>Dijo tambi\u00e9n seguir\u00e1 disfrutando de esto que da el deporte y que, \u201ccon buenos trabajos y quehaceres, podamos ser ejemplo para que m\u00e1s gente se involucre\u201d.<\/p>\n\n\n\n<p>Record\u00f3 que, en a\u00f1os anteriores, fue nominado y gan\u00f3 el premio municipal del deporte hace 25 a\u00f1os, en Tulancingo, y hace aproximadamente tres a\u00f1os, logr\u00f3 el m\u00e9rito deportivo estatal, luego de obtener el carnet internacional como \u00e1rbitro.<\/p>\n\n\n\n<p>\u201cCon el campeonato mundial de FIMBA, que tuvimos la oportunidad de estar en Mar del Plata sancionando, nos abri\u00f3 la oportunidad y posibilidad para participar con base en la misma convocatoria en el instituto (INHIDE)\u201d, reconoci\u00f3.<\/p>\n\n\n\n<p>Insisti\u00f3 en que, con esta candidatura,&nbsp; celebra el que se tome en cuenta a jueces y \u00e1rbitros, \u201cque veamos que el instituto abre los espacios para que desde esa esfera del jueceo y el arbitraje podamos ser considerados y no solo los atletas, es lo mejor, que al final de cuentas tambi\u00e9n somos parte de los juegos y actividades de los atletas\u201d, concluy\u00f3.<\/p>\n","protected":false},"excerpt":{"rendered":"<p>TULANCINGO.- El silbante de baloncesto Jab\u00edn Zarco Mendoza, es el \u00fanico tulancinguense nominado al Premio Estatal del Deporte 2023, en el rubro de fomento o impulso a la pr\u00e1ctica del deporte; lo cual consider\u00f3 como un compromiso para seguir trabajando para tener mejores resultados en favor del deporte hidalguense y mexicano. \u201cLejos de todo, nos [&hellip;]<\/p>\n","protected":false},"author":70,"featured_media":286300,"comment_status":"closed","ping_status":"closed","sticky":false,"template":"","format":"standard","meta":{"footnotes":""},"categories":[2159,40],"tags":[],"class_list":["post-286295","post","type-post","status-publish","format-standard","has-post-thumbnail","hentry","category-noticias-de-hidalgo","category-region"],"_links":{"self":[{"href":"https:\/\/plazajuarez.mx\/historico\/wp-json\/wp\/v2\/posts\/286295","targetHints":{"allow":["GET"]}}],"collection":[{"href":"https:\/\/plazajuarez.mx\/historico\/wp-json\/wp\/v2\/posts"}],"about":[{"href":"https:\/\/plazajuarez.mx\/historico\/wp-json\/wp\/v2\/types\/post"}],"author":[{"embeddable":true,"href":"https:\/\/plazajuarez.mx\/historico\/wp-json\/wp\/v2\/users\/70"}],"replies":[{"embeddable":true,"href":"https:\/\/plazajuarez.mx\/historico\/wp-json\/wp\/v2\/comments?post=286295"}],"version-history":[{"count":0,"href":"https:\/\/plazajuarez.mx\/historico\/wp-json\/wp\/v2\/posts\/286295\/revisions"}],"wp:featuredmedia":[{"embeddable":true,"href":"https:\/\/plazajuarez.mx\/historico\/wp-json\/wp\/v2\/media\/286300"}],"wp:attachment":[{"href":"https:\/\/plazajuarez.mx\/historico\/wp-json\/wp\/v2\/media?parent=286295"}],"wp:term":[{"taxonomy":"category","embeddable":true,"href":"https:\/\/plazajuarez.mx\/historico\/wp-json\/wp\/v2\/categories?post=286295"},{"taxonomy":"post_tag","embeddable":true,"href":"https:\/\/plazajuarez.mx\/historico\/wp-json\/wp\/v2\/tags?post=286295"}],"curies":[{"name":"wp","href":"https:\/\/api.w.org\/{rel}","templated":true}]}}