{"id":28629,"date":"2016-09-19T13:14:48","date_gmt":"2016-09-19T13:14:48","guid":{"rendered":"http:\/\/plazajuarez.mx\/index\/index.php\/2016\/09\/19\/nos-encaminamos-a-una-represion-ideologica-arquidiocesis\/"},"modified":"2016-09-19T13:14:48","modified_gmt":"2016-09-19T13:14:48","slug":"nos-encaminamos-a-una-represion-ideologica-arquidiocesis","status":"publish","type":"post","link":"https:\/\/plazajuarez.mx\/historico\/nos-encaminamos-a-una-represion-ideologica-arquidiocesis\/","title":{"rendered":"NOS ENCAMINAMOS A UNA REPRESI\u00d3N IDEOL\u00d3GICA: ARQUIDI\u00d3CESIS"},"content":{"rendered":"<p>CIUDAD DE M\u00c9XICO.- Hugo Valdemar, vocero de la Arquidi\u00f3cesis de M\u00e9xico, alert\u00f3 que &#8220;nos encaminamos a una represi\u00f3n ideol\u00f3gica, a una verdadera persecuci\u00f3n&#8221; en contra de quienes est\u00e9n en contra de la &#8220;ideolog\u00eda de g\u00e9nero&#8221;, lo cual ser\u00e1 &#8220;inevitable si los cat\u00f3licos y los padres de familia no ponen un alto a esta pretensi\u00f3n&#8221;.<\/p>\n<p>  <!--more-->  <\/p>\n<p>En una entrevista hecha por el Sistema Informativo de la Arquidi\u00f3cesis de M\u00e9xico (SIAME), el presb\u00edtero afirm\u00f3 que el semanario Desde la Fe &#8220;no le teme al desacuerdo, ni somos intolerantes con quienes piensan diferente a nosotros&#8221;; resalt\u00f3 la publicaci\u00f3n de dos documentos &#8220;claramente intimidatorios&#8221; como parte del derecho de r\u00e9plica que exigi\u00f3 un grupo de 26 personas de la comunidad LGBTTTI y el Consejo para Prevenir y Eliminar la Discriminaci\u00f3n de la Ciudad de M\u00e9xico (Copred).<br \/>&#8220;Desde la fe es uno de los pocos peri\u00f3dicos en el pa\u00eds que nunca ha regateado el derecho a r\u00e9plica porque no le tememos al desacuerdo, ni somos intolerantes con quienes piensan diferente a nosotros, as\u00ed que los documentos enviados fueron publicados \u00edntegramente (fue m\u00e1s que lo que pidieron) en la p\u00e1gina web del semanario, y pr\u00f3ximamente publicaremos una respuesta a sus argumentos que, por cierto, son insostenibles y que pretenden reprimir la libertad religiosa y de expresi\u00f3n&#8221;, sostuvo.<br \/>Calific\u00f3 a la Copred y al Consejo Nacional para Prevenir la Discriminaci\u00f3n (Conapred) como &#8220;instituciones represoras&#8221; e insinu\u00f3 que las autoridades capitalinas podr\u00edan &#8220;reprimir&#8221; la marcha para defender el &#8220;matrimonio natural&#8221; del pr\u00f3ximo s\u00e1bado 24 de septiembre en la Ciudad de M\u00e9xico, convocada por el Frente Nacional por la Familia.<\/p>\n","protected":false},"excerpt":{"rendered":"<p>CIUDAD DE M\u00c9XICO.- Hugo Valdemar, vocero de la Arquidi\u00f3cesis de M\u00e9xico, alert\u00f3 que &#8220;nos encaminamos a una represi\u00f3n ideol\u00f3gica, a una verdadera persecuci\u00f3n&#8221; en contra de quienes est\u00e9n en contra de la &#8220;ideolog\u00eda de g\u00e9nero&#8221;, lo cual ser\u00e1 &#8220;inevitable si los cat\u00f3licos y los padres de familia no ponen un alto a esta pretensi\u00f3n&#8221;.<\/p>\n","protected":false},"author":93,"featured_media":0,"comment_status":"open","ping_status":"open","sticky":false,"template":"","format":"standard","meta":{"footnotes":""},"categories":[36],"tags":[],"class_list":["post-28629","post","type-post","status-publish","format-standard","hentry","category-nacion"],"_links":{"self":[{"href":"https:\/\/plazajuarez.mx\/historico\/wp-json\/wp\/v2\/posts\/28629","targetHints":{"allow":["GET"]}}],"collection":[{"href":"https:\/\/plazajuarez.mx\/historico\/wp-json\/wp\/v2\/posts"}],"about":[{"href":"https:\/\/plazajuarez.mx\/historico\/wp-json\/wp\/v2\/types\/post"}],"author":[{"embeddable":true,"href":"https:\/\/plazajuarez.mx\/historico\/wp-json\/wp\/v2\/users\/93"}],"replies":[{"embeddable":true,"href":"https:\/\/plazajuarez.mx\/historico\/wp-json\/wp\/v2\/comments?post=28629"}],"version-history":[{"count":0,"href":"https:\/\/plazajuarez.mx\/historico\/wp-json\/wp\/v2\/posts\/28629\/revisions"}],"wp:attachment":[{"href":"https:\/\/plazajuarez.mx\/historico\/wp-json\/wp\/v2\/media?parent=28629"}],"wp:term":[{"taxonomy":"category","embeddable":true,"href":"https:\/\/plazajuarez.mx\/historico\/wp-json\/wp\/v2\/categories?post=28629"},{"taxonomy":"post_tag","embeddable":true,"href":"https:\/\/plazajuarez.mx\/historico\/wp-json\/wp\/v2\/tags?post=28629"}],"curies":[{"name":"wp","href":"https:\/\/api.w.org\/{rel}","templated":true}]}}