{"id":286280,"date":"2023-10-19T06:44:52","date_gmt":"2023-10-19T12:44:52","guid":{"rendered":"https:\/\/plazajuarez.mx\/?p=286280"},"modified":"2023-10-19T06:44:53","modified_gmt":"2023-10-19T12:44:53","slug":"invitan-a-participar-en-concurso-de-disfraces-y-desfile-del-dia-de-muertos","status":"publish","type":"post","link":"https:\/\/plazajuarez.mx\/historico\/invitan-a-participar-en-concurso-de-disfraces-y-desfile-del-dia-de-muertos\/","title":{"rendered":"Invitan a participar en concurso de disfraces y desfile del \u201cD\u00eda de Muertos\u201d"},"content":{"rendered":"\n<p>La Feria de San Francisco Pachuca Hidalgo 2023 lanz\u00f3 una convocatoria para que las y los visitantes participen en el Concurso de Disfraces y el Desfile del \u201cD\u00eda de Muertos\u201d. Este evento se llevar\u00e1 a cabo del jueves 19 al domingo 22 de octubre.<\/p>\n\n\n\n<p>El gran desfile iniciar\u00e1 a las 19:00 horas desde la Velaria Pachuca, llenando la fiesta de color, m\u00fasica, flores y tradici\u00f3n. Las y los participantes, tanto locales como de otras entidades, tendr\u00e1n la oportunidad de mostrar sus creativos y originales disfraces en este espect\u00e1culo \u00fanico.<\/p>\n\n\n\n<p>Los disfraces m\u00e1s destacados ser\u00e1n premiados con:&nbsp; boletos para el palenque, juegos mec\u00e1nicos gratuitos, vales para alimentos, bebidas y m\u00e1s.<\/p>\n\n\n\n<p>Las y los interesados deber\u00e1n seguir las redes sociales oficiales de la Feria de San Francisco para obtener m\u00e1s informaci\u00f3n sobre el evento; lucir\u00e1n su mejor disfraz y podr\u00e1n registrarse en la entrada del recinto ferial, a partir de las 17:00 horas.<\/p>\n","protected":false},"excerpt":{"rendered":"<p>La Feria de San Francisco Pachuca Hidalgo 2023 lanz\u00f3 una convocatoria para que las y los visitantes participen en el Concurso de Disfraces y el Desfile del \u201cD\u00eda de Muertos\u201d. Este evento se llevar\u00e1 a cabo del jueves 19 al domingo 22 de octubre. El gran desfile iniciar\u00e1 a las 19:00 horas desde la Velaria [&hellip;]<\/p>\n","protected":false},"author":93,"featured_media":286281,"comment_status":"closed","ping_status":"closed","sticky":false,"template":"","format":"standard","meta":{"footnotes":""},"categories":[41,15],"tags":[],"class_list":["post-286280","post","type-post","status-publish","format-standard","has-post-thumbnail","hentry","category-arteria-cultural","category-destacadas"],"_links":{"self":[{"href":"https:\/\/plazajuarez.mx\/historico\/wp-json\/wp\/v2\/posts\/286280","targetHints":{"allow":["GET"]}}],"collection":[{"href":"https:\/\/plazajuarez.mx\/historico\/wp-json\/wp\/v2\/posts"}],"about":[{"href":"https:\/\/plazajuarez.mx\/historico\/wp-json\/wp\/v2\/types\/post"}],"author":[{"embeddable":true,"href":"https:\/\/plazajuarez.mx\/historico\/wp-json\/wp\/v2\/users\/93"}],"replies":[{"embeddable":true,"href":"https:\/\/plazajuarez.mx\/historico\/wp-json\/wp\/v2\/comments?post=286280"}],"version-history":[{"count":0,"href":"https:\/\/plazajuarez.mx\/historico\/wp-json\/wp\/v2\/posts\/286280\/revisions"}],"wp:featuredmedia":[{"embeddable":true,"href":"https:\/\/plazajuarez.mx\/historico\/wp-json\/wp\/v2\/media\/286281"}],"wp:attachment":[{"href":"https:\/\/plazajuarez.mx\/historico\/wp-json\/wp\/v2\/media?parent=286280"}],"wp:term":[{"taxonomy":"category","embeddable":true,"href":"https:\/\/plazajuarez.mx\/historico\/wp-json\/wp\/v2\/categories?post=286280"},{"taxonomy":"post_tag","embeddable":true,"href":"https:\/\/plazajuarez.mx\/historico\/wp-json\/wp\/v2\/tags?post=286280"}],"curies":[{"name":"wp","href":"https:\/\/api.w.org\/{rel}","templated":true}]}}