{"id":28628,"date":"2016-09-19T13:14:28","date_gmt":"2016-09-19T13:14:28","guid":{"rendered":"http:\/\/plazajuarez.mx\/index\/index.php\/2016\/09\/19\/urgen-a-hidalgo-y-edomex-encuesta-origen-destino\/"},"modified":"2016-09-19T13:14:28","modified_gmt":"2016-09-19T13:14:28","slug":"urgen-a-hidalgo-y-edomex-encuesta-origen-destino","status":"publish","type":"post","link":"https:\/\/plazajuarez.mx\/historico\/urgen-a-hidalgo-y-edomex-encuesta-origen-destino\/","title":{"rendered":"Urgen a Hidalgo y Edomex Encuesta Origen Destino"},"content":{"rendered":"<p>\u25cf\u00a0\u00a0\u00a0 Despu\u00e9s de que diputados de la Asamblea Legislativa de la Ciudad de M\u00e9xico solicitaran a la Comisi\u00f3n Metropolitana de Transporte y Vialidad, as\u00ed como a los gobiernos del Estado de M\u00e9xico e Hidalgo se concrete la realizaci\u00f3n de esta encuesta, la subsecretaria de Coordinaci\u00f3n Metropolitana y Enlace Gubernamental, Leticia Quezada, inform\u00f3 que hasta el momento no se ha tenido una respuesta institucional de estas entidades federativas<\/p>\n<p>  <!--more-->  <\/p>\n<p>CIUDAD DE M\u00c9XICO.- Los gobiernos del Estado de M\u00e9xico e Hidalgo no han informado sobre la elaboraci\u00f3n de una nueva Encuesta Origen Destino de los viajes de los residentes de la Zona Metropolitana del Valle de M\u00e9xico, pese a que la \u00faltima es de 2007 y resulta obsoleta por las actuales condiciones del parque vehicular.<br \/>Despu\u00e9s de que diputados de la Asamblea Legislativa de la Ciudad de M\u00e9xico solicitaran a la Comisi\u00f3n Metropolitana de Transporte y Vialidad, as\u00ed como a los gobiernos del Estado de M\u00e9xico e Hidalgo se concrete la realizaci\u00f3n de esta encuesta, la subsecretaria de Coordinaci\u00f3n Metropolitana y Enlace Gubernamental, Leticia Quezada, inform\u00f3 que hasta el momento no se ha tenido una respuesta institucional de estas entidades federativas.<br \/>Frente a esta situaci\u00f3n, la presidenta de la Comisi\u00f3n de Movilidad en el \u00f3rgano legislativo local, Francis Pir\u00edn, anunci\u00f3 a EL UNIVERSAL que durante el periodo ordinario que arranca este martes propondr\u00e1 la realizaci\u00f3n de un censo Origen Destino para Transporte de Carga, para tener la certeza de cu\u00e1ntos veh\u00edculos ingresan a la capital del pa\u00eds, si traen placas federales y qu\u00e9 tipo de productos est\u00e1n trayendo.<br \/>La asamble\u00edsta del PRD asegur\u00f3 que a nueve a\u00f1os de la \u00faltima encuesta las condiciones de movilidad han cambiado, pues actualmente se tienen cerca de 5 millones 500 mil de veh\u00edculos.<\/p>\n","protected":false},"excerpt":{"rendered":"<p>\u25cf\u00a0\u00a0\u00a0 Despu\u00e9s de que diputados de la Asamblea Legislativa de la Ciudad de M\u00e9xico solicitaran a la Comisi\u00f3n Metropolitana de Transporte y Vialidad, as\u00ed como a los gobiernos del Estado de M\u00e9xico e Hidalgo se concrete la realizaci\u00f3n de esta encuesta, la subsecretaria de Coordinaci\u00f3n Metropolitana y Enlace Gubernamental, Leticia Quezada, inform\u00f3 que hasta el [&hellip;]<\/p>\n","protected":false},"author":93,"featured_media":0,"comment_status":"open","ping_status":"open","sticky":false,"template":"","format":"standard","meta":{"footnotes":""},"categories":[36],"tags":[],"class_list":["post-28628","post","type-post","status-publish","format-standard","hentry","category-nacion"],"_links":{"self":[{"href":"https:\/\/plazajuarez.mx\/historico\/wp-json\/wp\/v2\/posts\/28628","targetHints":{"allow":["GET"]}}],"collection":[{"href":"https:\/\/plazajuarez.mx\/historico\/wp-json\/wp\/v2\/posts"}],"about":[{"href":"https:\/\/plazajuarez.mx\/historico\/wp-json\/wp\/v2\/types\/post"}],"author":[{"embeddable":true,"href":"https:\/\/plazajuarez.mx\/historico\/wp-json\/wp\/v2\/users\/93"}],"replies":[{"embeddable":true,"href":"https:\/\/plazajuarez.mx\/historico\/wp-json\/wp\/v2\/comments?post=28628"}],"version-history":[{"count":0,"href":"https:\/\/plazajuarez.mx\/historico\/wp-json\/wp\/v2\/posts\/28628\/revisions"}],"wp:attachment":[{"href":"https:\/\/plazajuarez.mx\/historico\/wp-json\/wp\/v2\/media?parent=28628"}],"wp:term":[{"taxonomy":"category","embeddable":true,"href":"https:\/\/plazajuarez.mx\/historico\/wp-json\/wp\/v2\/categories?post=28628"},{"taxonomy":"post_tag","embeddable":true,"href":"https:\/\/plazajuarez.mx\/historico\/wp-json\/wp\/v2\/tags?post=28628"}],"curies":[{"name":"wp","href":"https:\/\/api.w.org\/{rel}","templated":true}]}}