{"id":28627,"date":"2016-09-19T13:14:14","date_gmt":"2016-09-19T13:14:14","guid":{"rendered":"http:\/\/plazajuarez.mx\/index\/index.php\/2016\/09\/19\/senado-analiza-los-costos-para-echar-a-andar-sna\/"},"modified":"2016-09-19T13:14:14","modified_gmt":"2016-09-19T13:14:14","slug":"senado-analiza-los-costos-para-echar-a-andar-sna","status":"publish","type":"post","link":"https:\/\/plazajuarez.mx\/historico\/senado-analiza-los-costos-para-echar-a-andar-sna\/","title":{"rendered":"Senado analiza los costos para echar a andar SNA"},"content":{"rendered":"<p>INDISPENSABLE LA ASIGNACI\u00d3N DE RECURSOS\u00a0\u00a0<\/p>\n<p>  <!--more-->  <\/p>\n<p>CIUDAD DE M\u00c9XICO.- El presidente del Senado, Pablo Escudero (PVEM), advirti\u00f3 que ante la falta de asignaciones econ\u00f3micas en el proyecto de Presupuesto de Egresos de la Federaci\u00f3n (PEF) 2017 para el Sistema Nacional Anticorrupci\u00f3n (SNA) comenz\u00f3 la elaboraci\u00f3n de un an\u00e1lisis sobre la estructura b\u00e1sica con la que se deber\u00e1 contar para que comience a operar en los tiempos que se\u00f1ala la ley.<br \/>El senador Escudero Morales asegur\u00f3 que es indispensable la asignaci\u00f3n de recursos para el Sistema, ya que una vez que tenga el presupuesto para el arranque del SNA se reunir\u00e1 con el presidente de la C\u00e1mara de Diputados, Javier Bola\u00f1os (PAN), para tratar el tema.<br \/>El presidente de la Mesa Directiva dijo que examina el alcance y composici\u00f3n que debe tener la Secretar\u00eda Ejecutiva del Sistema Nacional y el presupuesto base con que pueden empezar a operar.<\/p>\n","protected":false},"excerpt":{"rendered":"<p>INDISPENSABLE LA ASIGNACI\u00d3N DE RECURSOS\u00a0\u00a0<\/p>\n","protected":false},"author":93,"featured_media":0,"comment_status":"open","ping_status":"open","sticky":false,"template":"","format":"standard","meta":{"footnotes":""},"categories":[36],"tags":[],"class_list":["post-28627","post","type-post","status-publish","format-standard","hentry","category-nacion"],"_links":{"self":[{"href":"https:\/\/plazajuarez.mx\/historico\/wp-json\/wp\/v2\/posts\/28627","targetHints":{"allow":["GET"]}}],"collection":[{"href":"https:\/\/plazajuarez.mx\/historico\/wp-json\/wp\/v2\/posts"}],"about":[{"href":"https:\/\/plazajuarez.mx\/historico\/wp-json\/wp\/v2\/types\/post"}],"author":[{"embeddable":true,"href":"https:\/\/plazajuarez.mx\/historico\/wp-json\/wp\/v2\/users\/93"}],"replies":[{"embeddable":true,"href":"https:\/\/plazajuarez.mx\/historico\/wp-json\/wp\/v2\/comments?post=28627"}],"version-history":[{"count":0,"href":"https:\/\/plazajuarez.mx\/historico\/wp-json\/wp\/v2\/posts\/28627\/revisions"}],"wp:attachment":[{"href":"https:\/\/plazajuarez.mx\/historico\/wp-json\/wp\/v2\/media?parent=28627"}],"wp:term":[{"taxonomy":"category","embeddable":true,"href":"https:\/\/plazajuarez.mx\/historico\/wp-json\/wp\/v2\/categories?post=28627"},{"taxonomy":"post_tag","embeddable":true,"href":"https:\/\/plazajuarez.mx\/historico\/wp-json\/wp\/v2\/tags?post=28627"}],"curies":[{"name":"wp","href":"https:\/\/api.w.org\/{rel}","templated":true}]}}