{"id":286269,"date":"2023-10-19T06:49:13","date_gmt":"2023-10-19T12:49:13","guid":{"rendered":"https:\/\/plazajuarez.mx\/?p=286269"},"modified":"2023-10-19T06:49:15","modified_gmt":"2023-10-19T12:49:15","slug":"continua-la-feria-industrial-ciudad-sahagun-2023","status":"publish","type":"post","link":"https:\/\/plazajuarez.mx\/historico\/continua-la-feria-industrial-ciudad-sahagun-2023\/","title":{"rendered":"Contin\u00faa la Feria Industrial Ciudad Sahag\u00fan 2023"},"content":{"rendered":"\n<p><strong>TEPEAPULCO<\/strong>.- En el marco de la conmemoraci\u00f3n de los 71 a\u00f1os de la fundaci\u00f3n de Ciudad Fray Bernardino de Sahag\u00fan, con una participaci\u00f3n nutrida de artistas y asistentes, contin\u00faa la \u201cFeria Industrial Ciudad Sahag\u00fan 2023\u201d.<\/p>\n\n\n\n<p>Durante los primeros cinco d\u00edas de intensas actividades, la alcaldesa Marisol Ortega L\u00f3pez, resalt\u00f3 que esta feria es del pueblo y para el pueblo, por lo que est\u00e1 dise\u00f1ada para que asista toda la poblaci\u00f3n y puedan disfrutar de los elencos art\u00edsticos que se presentan cada d\u00eda en el Foro Art\u00edstico.<\/p>\n\n\n\n<p>\u201cEstamos muy contentos por la respuesta de la poblaci\u00f3n, he tenido la oportunidad de participar en diversas actividades y en general la respuesta ha sido favorable, todas y todos han disfrutado de un momento de esparcimiento y diversi\u00f3n que es muy necesario.<\/p>\n\n\n\n<p>Es una feria incluyente porque todos los sectores est\u00e1n considerados: empresarios, artesanos, productores, restauranteros, m\u00fasicos locales, comerciantes, mujeres emprendedoras\u201d, mencion\u00f3.<\/p>\n\n\n\n<p>Adem\u00e1s, quienes asisten han podido degustar platillos t\u00edpicos de la regi\u00f3n, as\u00ed como de otros estados y pa\u00edses, as\u00ed como adquirir productos artesanales como bordados, joyer\u00eda, pintura, manualidades, decoraciones en el pabell\u00f3n internacional, gastron\u00f3mico y artesanal, tambi\u00e9n en el pabell\u00f3n industrial, en donde se encuentran empresas ic\u00f3nicas y representativas de la industria en Ciudad Sahag\u00fan, que han impulsado el desarrollo de la comunidad.<\/p>\n\n\n\n<p>Marisol Ortega L\u00f3pez, dijo que esta Feria Industrial Ciudad Sahag\u00fan 2023, continuar\u00e1 hasta el pr\u00f3ximo domingo 22 de octubre, cerrando con broche de oro el Foro Art\u00edstico Mi Banda el Mexicano de Germ\u00e1n Rom\u00e1n.<\/p>\n","protected":false},"excerpt":{"rendered":"<p>TEPEAPULCO.- En el marco de la conmemoraci\u00f3n de los 71 a\u00f1os de la fundaci\u00f3n de Ciudad Fray Bernardino de Sahag\u00fan, con una participaci\u00f3n nutrida de artistas y asistentes, contin\u00faa la \u201cFeria Industrial Ciudad Sahag\u00fan 2023\u201d. Durante los primeros cinco d\u00edas de intensas actividades, la alcaldesa Marisol Ortega L\u00f3pez, resalt\u00f3 que esta feria es del pueblo [&hellip;]<\/p>\n","protected":false},"author":69,"featured_media":286285,"comment_status":"closed","ping_status":"closed","sticky":false,"template":"","format":"standard","meta":{"footnotes":""},"categories":[2159,40],"tags":[],"class_list":["post-286269","post","type-post","status-publish","format-standard","has-post-thumbnail","hentry","category-noticias-de-hidalgo","category-region"],"_links":{"self":[{"href":"https:\/\/plazajuarez.mx\/historico\/wp-json\/wp\/v2\/posts\/286269","targetHints":{"allow":["GET"]}}],"collection":[{"href":"https:\/\/plazajuarez.mx\/historico\/wp-json\/wp\/v2\/posts"}],"about":[{"href":"https:\/\/plazajuarez.mx\/historico\/wp-json\/wp\/v2\/types\/post"}],"author":[{"embeddable":true,"href":"https:\/\/plazajuarez.mx\/historico\/wp-json\/wp\/v2\/users\/69"}],"replies":[{"embeddable":true,"href":"https:\/\/plazajuarez.mx\/historico\/wp-json\/wp\/v2\/comments?post=286269"}],"version-history":[{"count":0,"href":"https:\/\/plazajuarez.mx\/historico\/wp-json\/wp\/v2\/posts\/286269\/revisions"}],"wp:featuredmedia":[{"embeddable":true,"href":"https:\/\/plazajuarez.mx\/historico\/wp-json\/wp\/v2\/media\/286285"}],"wp:attachment":[{"href":"https:\/\/plazajuarez.mx\/historico\/wp-json\/wp\/v2\/media?parent=286269"}],"wp:term":[{"taxonomy":"category","embeddable":true,"href":"https:\/\/plazajuarez.mx\/historico\/wp-json\/wp\/v2\/categories?post=286269"},{"taxonomy":"post_tag","embeddable":true,"href":"https:\/\/plazajuarez.mx\/historico\/wp-json\/wp\/v2\/tags?post=286269"}],"curies":[{"name":"wp","href":"https:\/\/api.w.org\/{rel}","templated":true}]}}