{"id":28626,"date":"2016-09-19T13:13:57","date_gmt":"2016-09-19T13:13:57","guid":{"rendered":"http:\/\/plazajuarez.mx\/index\/index.php\/2016\/09\/19\/cardenal-pide-leyes-que-defiendan-familia-como-dios-la-creo\/"},"modified":"2016-09-19T13:13:57","modified_gmt":"2016-09-19T13:13:57","slug":"cardenal-pide-leyes-que-defiendan-familia-como-dios-la-creo","status":"publish","type":"post","link":"https:\/\/plazajuarez.mx\/historico\/cardenal-pide-leyes-que-defiendan-familia-como-dios-la-creo\/","title":{"rendered":"Cardenal pide leyes que defiendan familia &#8220;como Dios la cre\u00f3&#8221;"},"content":{"rendered":"<p>CIUDAD DE M\u00c9XICO.- El cardenal Norberto Rivera Carrera pidi\u00f3 a los fieles orar por los poderes tanto legislativo como judicial para que promulguen y ejerzan leyes que defiendan a la familia &#8220;como Dios la cre\u00f3&#8221;; asimismo pidi\u00f3 una oraci\u00f3n por el presidente Enrique Pe\u00f1a Nieto y encargados del gobierno federal.<\/p>\n<p>  <!--more-->  <\/p>\n<p>&#8220;Por los poderes legislativos y judicial para que haciendo posible la organizaci\u00f3n nacional promulguen y ejerzan las leyes necesarias para vivir en equidad y fraternidad defendiendo la familia como Dios la cre\u00f3&#8221;, se or\u00f3.<br \/>Al t\u00e9rmino de la homil\u00eda dominical en la Catedral Metropolitana, el prelado pidi\u00f3 orar por el presidente Pe\u00f1a Nieto, los encargados del gobierno federal, as\u00ed como por el jefe de Gobierno Capitalino, Miguel \u00c1ngel Mancera Espinosa y los gobernadores, para que vean por el bienestar social.<br \/>&#8220;Por el se\u00f1or presidente Enrique Pe\u00f1a Nieto y todos los encargados del gobierno federal para que el esp\u00edritu santo los ilumine y los llene de sus dones. Por el jefe de gobierno de la Ciudad de M\u00e9xico, Miguel \u00c1ngel Mancera Espinosa y todos los encargados de los gobiernos estatales para que gu\u00eden a sus pueblos en amor justicia y paz teniendo siempre en cuenta el bienestar social&#8221;.<\/p>\n","protected":false},"excerpt":{"rendered":"<p>CIUDAD DE M\u00c9XICO.- El cardenal Norberto Rivera Carrera pidi\u00f3 a los fieles orar por los poderes tanto legislativo como judicial para que promulguen y ejerzan leyes que defiendan a la familia &#8220;como Dios la cre\u00f3&#8221;; asimismo pidi\u00f3 una oraci\u00f3n por el presidente Enrique Pe\u00f1a Nieto y encargados del gobierno federal.<\/p>\n","protected":false},"author":93,"featured_media":0,"comment_status":"open","ping_status":"open","sticky":false,"template":"","format":"standard","meta":{"footnotes":""},"categories":[36],"tags":[],"class_list":["post-28626","post","type-post","status-publish","format-standard","hentry","category-nacion"],"_links":{"self":[{"href":"https:\/\/plazajuarez.mx\/historico\/wp-json\/wp\/v2\/posts\/28626","targetHints":{"allow":["GET"]}}],"collection":[{"href":"https:\/\/plazajuarez.mx\/historico\/wp-json\/wp\/v2\/posts"}],"about":[{"href":"https:\/\/plazajuarez.mx\/historico\/wp-json\/wp\/v2\/types\/post"}],"author":[{"embeddable":true,"href":"https:\/\/plazajuarez.mx\/historico\/wp-json\/wp\/v2\/users\/93"}],"replies":[{"embeddable":true,"href":"https:\/\/plazajuarez.mx\/historico\/wp-json\/wp\/v2\/comments?post=28626"}],"version-history":[{"count":0,"href":"https:\/\/plazajuarez.mx\/historico\/wp-json\/wp\/v2\/posts\/28626\/revisions"}],"wp:attachment":[{"href":"https:\/\/plazajuarez.mx\/historico\/wp-json\/wp\/v2\/media?parent=28626"}],"wp:term":[{"taxonomy":"category","embeddable":true,"href":"https:\/\/plazajuarez.mx\/historico\/wp-json\/wp\/v2\/categories?post=28626"},{"taxonomy":"post_tag","embeddable":true,"href":"https:\/\/plazajuarez.mx\/historico\/wp-json\/wp\/v2\/tags?post=28626"}],"curies":[{"name":"wp","href":"https:\/\/api.w.org\/{rel}","templated":true}]}}